{"id":3401,"date":"2023-07-07T21:23:31","date_gmt":"2023-07-07T13:23:31","guid":{"rendered":"http:\/\/yzzks.com\/index.php\/2023\/07\/07\/%e6%96%90%e6%b5%8e%e5%85%b1%e5%92%8c%e5%9b%bd%e5%a4%96%e4%ba%a4%e9%83%a8%e9%95%bf%e9%a9%be%e4%b8%b4%e6%b7%b1%e5%9c%b3%ef%bc%81\/"},"modified":"2024-03-15T10:10:48","modified_gmt":"2024-03-15T02:10:48","slug":"%e6%96%90%e6%b5%8e%e5%85%b1%e5%92%8c%e5%9b%bd%e5%a4%96%e4%ba%a4%e9%83%a8%e9%95%bf%e9%a9%be%e4%b8%b4%e6%b7%b1%e5%9c%b3%ef%bc%81","status":"publish","type":"post","link":"https:\/\/www.yzzks.com\/es\/latest-news\/3401\/","title":{"rendered":"\u00a1El Ministro de Asuntos Exteriores de la Rep\u00fablica de Fiyi viaj\u00f3 a Shenzhen!"},"content":{"rendered":"<p align=\"center\"><strong>\u00a1El Ministro de Asuntos Exteriores de la Rep\u00fablica de Fiyi viaj\u00f3 a Shenzhen! <\/strong><\/p>\n<div style=\"text-indent:2em;line-height:2; font-family:'\u5b8b\u4f53'\">El 29 de abril de 2015, el Ministro de Asuntos Exteriores de la Rep\u00fablica de Fiyi, el Excmo. Sr. Ratu Inoke Kubuabola, visit\u00f3 la base de la APV en Shenzhen y asisti\u00f3 a una recepci\u00f3n de bienvenida preparada por la APV.<\/div>\n<div style=\"text-align:center\"><\/div>\n<div style=\"text-indent:2em;line-height:2; font-family:'\u5b8b\u4f53'\">Otros invitados a la recepci\u00f3n fueron Neumi Leweni, C\u00f3nsul General del Consulado General de la Rep\u00fablica de Fiyi. Neumi Leweni, C\u00f3nsul General del Consulado General de la Rep\u00fablica de Fiyi, Ma Yongzhi, Presidente de la Federaci\u00f3n China de Ultramar de Shenzhen, Bai Yulu, Presidente de Asia Pacific Satellite Television (APSTV), Li Xiangyang, Director de APSTV, Li Heying, Director Adjunto de APSTV, He Chengying, Presidente del Consejo de Supervisi\u00f3n de Guoxin Securities, Bitianfu de Ridon Electronics Corporation, Zhao Jingliang, Presidente de Shenzhen Chief Ronghui Investment Management Co. Ltd., el Sr. Cheng Pu, Director Ejecutivo de Supply Chain Management Limited y Asistente del C\u00f3nsul Honorario del Consulado General de Hong Kong, el Sr. Lv Jinfang, Presidente de la C\u00e1mara de Comercio de Hong Kong Fiyi, y el Sr. Yang Peng, Presidente de la Asociaci\u00f3n de Personal Educado Retornado al Extranjero de Shenzhen.<\/div>\n<div style=\"text-indent:2em;line-height:2; font-family:'\u5b8b\u4f53'\">Durante la recepci\u00f3n, el Sr. Kumbu Ambora afirm\u00f3 en primer lugar la contribuci\u00f3n de APTV a la promoci\u00f3n de la cooperaci\u00f3n econ\u00f3mica y cultural entre ambos lugares. Su Excelencia el Ministro expres\u00f3 su deseo de utilizar el poder de los medios de comunicaci\u00f3n para promover eficazmente el desarrollo de la cooperaci\u00f3n econ\u00f3mica y comercial bilateral y, al mismo tiempo, promover la cooperaci\u00f3n entre China y Fiyi en los \u00e1mbitos de humanidades, ciencia y tecnolog\u00eda, econom\u00eda, educaci\u00f3n, cultura y otros aspectos, a fin de seguir promoviendo la coprosperidad econ\u00f3mica y cultural de la regi\u00f3n del Pac\u00edfico Sur y de Fiyi y China. Asia Pacific TV tambi\u00e9n autoriz\u00f3 formalmente al Sr. Zhao Fugang, Presidente de la Asociaci\u00f3n de Chinos del Norte de Fiyi y Presidente del Fortune Group, a crear la Asia Pacific TV Fiji Reporter Station.<\/div>\n<div style=\"text-align:center\"><\/div>\n<div style=\"text-indent:2em;line-height:2; font-family:'\u5b8b\u4f53'\"><a href=\"http:\/\/baike.baidu.com\/view\/7693.htm\" target=\"http:\/\/baike.baidu.com\/_blank\" rel=\"noopener\">Fiyi (isla volc\u00e1nica tropical del suroeste del Pac\u00edfico)<\/a>La Rep\u00fablica es una naci\u00f3n insular del Pac\u00edfico situada en el sur de Europa.<a href=\"http:\/\/baike.baidu.com\/view\/1955.htm\" target=\"http:\/\/baike.baidu.com\/_blank\" rel=\"noopener\">Pac\u00edfico<\/a>(matem\u00e1ticas) g\u00e9nero<a href=\"http:\/\/baike.baidu.com\/view\/22047.htm\" target=\"http:\/\/baike.baidu.com\/_blank\" rel=\"noopener\">Vanuatu, en el Pac\u00edfico Sur (antiguas Nuevas H\u00e9bridas)<\/a>ESTE,<a href=\"http:\/\/baike.baidu.com\/view\/22046.htm\" target=\"http:\/\/baike.baidu.com\/_blank\" rel=\"noopener\">Tonga, reino del archipi\u00e9lago del Pac\u00edfico Sur<\/a>Ezequiel,<a href=\"http:\/\/baike.baidu.com\/view\/22036.htm\" target=\"http:\/\/baike.baidu.com\/_blank\" rel=\"noopener\">Tuvalu<\/a>Al sur, consta de 332 islas, 106 de ellas habitadas. La mayor\u00eda son islas volc\u00e1nicas rodeadas de arrecifes de coral; las principales son Viti Levu y Vanua Levu. Fiyi es uno de los pa\u00edses m\u00e1s fuertes y desarrollados econ\u00f3micamente de las islas del Pac\u00edfico.<\/div>","protected":false},"excerpt":{"rendered":"<p>\u6590\u6d4e\u5171\u548c\u56fd\u5916\u4ea4\u90e8\u957f\u9a7e\u4e34\u6df1\u5733\uff01 2015\u5e744\u670829\u65e5\uff0c<span class=\"excerpt-hellip\"> [...]<\/span><\/p>","protected":false},"author":1,"featured_media":0,"comment_status":"open","ping_status":"open","sticky":false,"template":"","format":"standard","meta":{"footnotes":""},"categories":[17],"tags":[],"class_list":["post-3401","post","type-post","status-publish","format-standard","hentry","category-latest-news"],"_links":{"self":[{"href":"https:\/\/www.yzzks.com\/es\/wp-json\/wp\/v2\/posts\/3401","targetHints":{"allow":["GET"]}}],"collection":[{"href":"https:\/\/www.yzzks.com\/es\/wp-json\/wp\/v2\/posts"}],"about":[{"href":"https:\/\/www.yzzks.com\/es\/wp-json\/wp\/v2\/types\/post"}],"author":[{"embeddable":true,"href":"https:\/\/www.yzzks.com\/es\/wp-json\/wp\/v2\/users\/1"}],"replies":[{"embeddable":true,"href":"https:\/\/www.yzzks.com\/es\/wp-json\/wp\/v2\/comments?post=3401"}],"version-history":[{"count":2,"href":"https:\/\/www.yzzks.com\/es\/wp-json\/wp\/v2\/posts\/3401\/revisions"}],"predecessor-version":[{"id":7275,"href":"https:\/\/www.yzzks.com\/es\/wp-json\/wp\/v2\/posts\/3401\/revisions\/7275"}],"wp:attachment":[{"href":"https:\/\/www.yzzks.com\/es\/wp-json\/wp\/v2\/media?parent=3401"}],"wp:term":[{"taxonomy":"category","embeddable":true,"href":"https:\/\/www.yzzks.com\/es\/wp-json\/wp\/v2\/categories?post=3401"},{"taxonomy":"post_tag","embeddable":true,"href":"https:\/\/www.yzzks.com\/es\/wp-json\/wp\/v2\/tags?post=3401"}],"curies":[{"name":"wp","href":"https:\/\/api.w.org\/{rel}","templated":true}]}}