{"id":3669,"date":"2023-07-07T21:24:46","date_gmt":"2023-07-07T13:24:46","guid":{"rendered":"http:\/\/yzzks.com\/index.php\/2023\/07\/07\/%e4%b8%ba%e4%bb%80%e4%b9%88%e4%b8%ad%e5%9b%bd%e6%b2%a1%e6%9c%89%e5%8f%97%e5%88%b0%e5%9b%bd%e9%99%85%e6%81%90%e6%80%96%e8%a2%ad%e5%87%bb\/"},"modified":"2023-07-07T21:24:46","modified_gmt":"2023-07-07T13:24:46","slug":"%e4%b8%ba%e4%bb%80%e4%b9%88%e4%b8%ad%e5%9b%bd%e6%b2%a1%e6%9c%89%e5%8f%97%e5%88%b0%e5%9b%bd%e9%99%85%e6%81%90%e6%80%96%e8%a2%ad%e5%87%bb","status":"publish","type":"post","link":"https:\/\/www.yzzks.com\/es\/latest-news\/3669\/","title":{"rendered":"Por qu\u00e9 China no ha sufrido atentados terroristas internacionales"},"content":{"rendered":"<p class=\"MsoNormal\" style=\"text-indent:2em;\">\n\t\n<\/p>\n<p class=\"MsoNormal\">\n\tHora local en Francia<span>7<\/span>luna<span>14<\/span>El incidente, en el que un cami\u00f3n arroll\u00f3 a una multitud que presenciaba un espect\u00e1culo de fuegos artificiales del 4 de julio en la noche de<span>70<\/span>Murieron personas. La municipalidad local lo calific\u00f3 de atentado terrorista y pidi\u00f3 a los residentes que permanecieran en sus casas. El peri\u00f3dico franc\u00e9s Le Figaro afirma que el atentado de Niza se produce en un contexto de mayor amenaza terrorista, sobre todo en el contexto de intervenciones como la participaci\u00f3n de Francia en Siria contra grupos extremistas.<span>\"<\/span>Estado Isl\u00e1mico<span>\" (IS)<\/span>de los pa\u00edses en los que se desarrolla la operaci\u00f3n. Es la primera vez desde la<span>IS<\/span>fabricaci\u00f3n<span>2015<\/span>apellido Nian<span>11<\/span>Los atentados terroristas de Par\u00eds de enero y<span>2016<\/span>apellido Nian<span>3<\/span>El peor atentado terrorista en Europa desde los atentados de Bruselas de enero.<span><\/span>\n<\/p>\n<p class=\"MsoNormal\">\n\t&nbsp;\n<\/p>\n<p class=\"MsoNormal\" style=\"margin-left:0cm;\">\n\tLa estrategia del d\u00f3lar estuvo en el origen de los atentados terroristas de Par\u00eds:<span><\/span>\n<\/p>\n<p class=\"MsoNormal\" style=\"margin-left:0cm;\">\n\t<span style=\"line-height:1.5;\"><br \/>\n<\/span>\n<\/p>\n<p class=\"MsoNormal\" style=\"margin-left:0cm;\">\n\t<span style=\"line-height:1.5;\">&nbsp;La crisis de las hipotecas de alto riesgo ha debilitado la capacidad de Estados Unidos para sostener su hegemon\u00eda mundial y, en consecuencia, los pilares de su estrategia hegem\u00f3nica han pasado de mantener la capacidad de librar dos guerras al mismo tiempo, como ha sido el caso desde la posguerra, a la capacidad de mantener una agitaci\u00f3n y librar una guerra al mismo tiempo.<\/span>\n<\/p>\n<p class=\"MsoNormal\" style=\"margin-left:0cm;\">\n\t<span style=\"line-height:1.5;\"><br \/>\n<\/span>\n<\/p>\n<p class=\"MsoNormal\">\n\t<span><\/span>\n<\/p>\n<p class=\"MsoNormal\">\n\tEstados Unidos ha centrado su capacidad para librar una guerra en la regi\u00f3n de Asia-Pac\u00edfico, y su hipot\u00e9tico objetivo es China. Por desgracia, China no juega bien sus cartas, la estrategia de los Estados Unidos de Am\u00e9rica para esta guerra no sabr\u00e1 d\u00f3nde centrarse y c\u00f3mo desplegarse? La asignaci\u00f3n de recursos tendr\u00e1 que ser global, como podemos ver, est\u00e1 Estados Unidos en el Mar de China Oriental para apoyar a Jap\u00f3n, en el Mar de China Meridional para apoyar a Filipinas. China se sienta y no se mueve, Estados Unidos est\u00e1 agotado, qui\u00e9n es el gato, qui\u00e9n es el rat\u00f3n, no es f\u00e1cil de decir.<span><\/span>\n<\/p>\n<p class=\"MsoNormal\">\n\t\n<\/p>\n<p class=\"MsoNormal\">\n\tY la estrategia de mantener una agitaci\u00f3n se situ\u00f3 en Oriente Medio. La retirada de Estados Unidos de Irak fue el comienzo del mantenimiento de esta agitaci\u00f3n, que desde entonces ha perturbado Libia y Siria, permitiendo la<span>ISIS<\/span>desarrollo, son todas manifestaciones de esta estrategia. El ej\u00e9rcito de EE.UU. tiene que cuidar de<span>ISIS<\/span>Es f\u00e1cil hacerlo, pero no se mueve. No hay otra raz\u00f3n, porque la agitaci\u00f3n en Oriente Medio es el prop\u00f3sito estrat\u00e9gico de Estados Unidos.<span><\/span>\n<\/p>\n<p class=\"MsoNormal\">\n\t\n<\/p>\n<p class=\"MsoNormal\">\n\t\u00bfPor qu\u00e9 el l\u00edo de Oriente Medio? Porque sirve para varios prop\u00f3sitos a la vez. Puede utilizarse en conjunci\u00f3n con la gran estrategia financiera de Estados Unidos, que es la estrategia de inversi\u00f3n del d\u00f3lar, para atraer fondos a Estados Unidos con el fin de hacerse con activos elevados, como el mercado de valores estadounidense. La estrategia del d\u00f3lar fuerte provocar\u00e1 un gran colapso de los precios de los activos estadounidenses si no hay capital externo que iguale la entrada de fondos en Estados Unidos. As\u00ed que tiene que producirse un caos en Oriente Medio para que los activos de los pa\u00edses ricos en petr\u00f3leo busquen un refugio seguro, o al menos no salgan de Estados Unidos. Y Europa va a ser dif\u00edcil de elegir para los fondos debido al caos de Oriente Medio, y la afluencia de millones de refugiados a Europa es otro resultado inevitable del caos de Oriente Medio.<span><\/span>\n<\/p>\n<p class=\"MsoNormal\">\n\t&nbsp;\n<\/p>\n<p class=\"MsoNormal\" style=\"margin-left:0cm;\">\n\t\u00bfPor qu\u00e9 es siempre Francia el objetivo de los atentados terroristas?<span><\/span>\n<\/p>\n<p class=\"MsoNormal\" style=\"margin-left:0cm;\">\n\t\n<\/p>\n<p class=\"MsoNormal\">\n\t&nbsp;En primer lugar, Francia es una parte importante del n\u00facleo de la Uni\u00f3n Europea y tiene un gran inter\u00e9s en el terrorismo.<span style=\"line-height:1.5;\">Los terroristas han venido a atacar a Francia con un significado simb\u00f3lico. El padre de Europa, Jean<\/span><span style=\"line-height:1.5;\">Monet es franc\u00e9s. En<\/span><span style=\"line-height:1.5;\">\"<\/span><span style=\"line-height:1.5;\">Comunidad Europea<\/span><span style=\"line-height:1.5;\">\"<\/span><span style=\"line-height:1.5;\">demasiado<\/span><span style=\"line-height:1.5;\">\"<\/span><span style=\"line-height:1.5;\">UE<\/span><span style=\"line-height:1.5;\">\"<\/span><span style=\"line-height:1.5;\">Durante este periodo, Francia desempe\u00f1\u00f3 un importante papel de liderazgo en la expansi\u00f3n de la Uni\u00f3n Europea hacia el Este, la reestructuraci\u00f3n de la Uni\u00f3n Europea y la estabilizaci\u00f3n del sudeste de Europa. Por ello se ha descrito a Francia como uno de los motores de la integraci\u00f3n europea. El atentado organizado fue en gran medida una se\u00f1al de amenaza que los terroristas esperaban enviar a toda Europa atacando a Francia.<\/span>\n<\/p>\n<p class=\"MsoNormal\">\n\t<span style=\"line-height:1.5;\"><br \/>\n<\/span>\n<\/p>\n<p class=\"MsoNormal\">\n\t<span><\/span>\n<\/p>\n<p class=\"MsoNormal\">\n\t&nbsp;En segundo lugar, Francia se lanzar\u00e1 este mes<span>30<\/span>El domingo se celebra la 21\u00aa Conferencia de las Naciones Unidas sobre el Cambio Clim\u00e1tico, que los terroristas esperan que altere el orden pol\u00edtico en Europa y en el mundo. El mundo ha<span>100<\/span>Varios jefes de Estado participar\u00e1n en la Conferencia del Clima de Par\u00eds, y la cuesti\u00f3n clim\u00e1tica es tambi\u00e9n un asunto pol\u00edtico mundial. Al elegir este momento para perpetrar sus atentados, los terroristas tambi\u00e9n est\u00e1n demostrando al mundo que tienen poder para influir en los acontecimientos pol\u00edticos mundiales.<span><\/span>\n<\/p>\n<p class=\"MsoNormal\">\n\t\n<\/p>\n<p class=\"MsoNormal\">\n\t&nbsp; Una vez m\u00e1s, los repetidos ataques a\u00e9reos de Francia contra Siria<span>ISIS<\/span>bases, con lo que los terroristas contraatacaron.<span>9<\/span>luna<span>26<\/span>El 19 de diciembre, por primera vez, aviones de guerra franceses efectuaron ataques a\u00e9reos contra<span>ISIS<\/span>en Siria. El primer ministro franc\u00e9s, Manuel Valls, subray\u00f3 entonces que la operaci\u00f3n militar ten\u00eda por objeto disuadir posibles hostilidades del ISIS contra Francia. Actualmente<span>ISIS<\/span>Aunque no ha sido reconocido oficialmente, seg\u00fan fuentes de AFP, el escenario del atentado terrorista de Par\u00eds ha<span>ISIS<\/span>miembros coreando consignas, es dif\u00edcil argumentar que su organizaci\u00f3n no tuvo nada que ver con este atentado terrorista. En todo caso, la<span>ISIS<\/span>Es l\u00f3gico esperar que este ataque demuestre que los anteriores ataques a\u00e9reos de Francia no han funcionado, y tambi\u00e9n que sirva de advertencia a todos los pa\u00edses que participaron en los ataques a\u00e9reos.<span><\/span>\n<\/p>\n<p class=\"MsoNormal\">\n\t\n<\/p>\n<p class=\"MsoNormal\">\n\t&nbsp; Por \u00faltimo, los refugiados suponen un riesgo potencial de conflicto religioso y social para la seguridad nacional francesa. Aunque pa\u00edses como Francia han apoyado la acogida de refugiados durante la crisis de los refugiados, en general se carece de medios eficaces para hacer frente a la gran poblaci\u00f3n de refugiados. Esto ha provocado un aumento significativo de la poblaci\u00f3n musulmana en Europa, que es incapaz de integrarse en la sociedad europea. En concreto, despu\u00e9s de que la CE anunciara su programa de asignaci\u00f3n de refugiados, Francia tuvo que aceptar a<span>3.1<\/span>Se trata de una carga a\u00f1adida a la futura situaci\u00f3n de seguridad en Francia, con 10.000 refugiados. Adem\u00e1s, muchos de los refugiados son varones j\u00f3venes, y desde hace alg\u00fan tiempo se informa de que<span>ISIS<\/span>Sus miembros entran en Europa disfrazados de refugiados. Especialmente cuando los terroristas entran en el espacio Schengen, pueden viajar libremente dentro y fuera de los pa\u00edses solicitantes.<span><\/span>\n<\/p>\n<p class=\"MsoNormal\">\n\t&nbsp;\n<\/p>\n<p class=\"MsoNormal\" style=\"margin-left:0cm;\">\n\tPor qu\u00e9 en China nunca se producen atentados terroristas internacionales:<span><\/span>\n<\/p>\n<p class=\"MsoNormal\">\n\tPerm\u00edtanme mostrarles primero un segmento:<span><\/span>\n<\/p>\n<p class=\"MsoNormal\">\n\tSe dice que el testamento de Bin Laden dec\u00eda lo siguiente: \u00a1China es el \u00fanico pa\u00eds del mundo con el que no te puedes meter!<span><\/span>\n<\/p>\n<p class=\"MsoNormal\">\n\tLa raz\u00f3n: Al-Qaeda hab\u00eda enviado un equipo que hab\u00eda entrenado a casi<span>10<\/span>a\u00f1o ocho terroristas elitistas atacaron China.<span><\/span>\n<\/p>\n<p class=\"MsoNormal\">\n\tal final<span>......<\/span>\n<\/p>\n<p class=\"MsoNormal\">\n\tEl primero hizo un trompo en un paso elevado cuando vol\u00f3 el de Pek\u00edn;<span><\/span>\n<\/p>\n<p class=\"MsoNormal\">\n\tAl segundo le cost\u00f3 meterse en el autob\u00fas cuando explot\u00f3 en Shanghai;<span><\/span>\n<\/p>\n<p class=\"MsoNormal\">\n\tAl tercero le robaron el mando a distancia mientras bombardeaba un supermercado en Shaanxi;<span><\/span>\n<\/p>\n<p class=\"MsoNormal\">\n\tEl cuarto fue golpeado salvajemente por guardias de seguridad cuando puso una bomba en un edificio de Chongqing:<span>\"<\/span>\u00a1Te digo que causes problemas, te digo que hagas peticiones!<span>\"<\/span>\n<\/p>\n<p class=\"MsoNormal\">\n\tEl quinto bombarde\u00f3 con \u00e9xito una mina en Shanxi, matando e hiriendo a m\u00e1s de un centenar de personas, a escondidas de vuelta a la base, medio a\u00f1o congelado sin ver ninguna noticia, por la base con el<span>\"<\/span>el delito de enga\u00f1ar a una organizaci\u00f3n<span>\"<\/span>Ejecuciones;<span><\/span>\n<\/p>\n<p class=\"MsoNormal\">\n\tEl sexto bombarde\u00f3 Guangzhou, s\u00f3lo para que una banda a toda velocidad le arrebatara la bolsa de la bomba a la salida de la estaci\u00f3n de tren, medio d\u00eda despu\u00e9s;<span><\/span>\n<\/p>\n<p class=\"MsoNormal\">\n\tEl s\u00e9ptimo fue a Liaoning a volar Tieling y se qued\u00f3 cojo;<span><\/span>\n<\/p>\n<p class=\"MsoNormal\">\n\tEl octavo fue a Henan, pero acab\u00f3 top\u00e1ndose con traficantes de personas y sigue desaparecido.<span><\/span>\n<\/p>\n<p class=\"MsoNormal\">\n\tAl final, Bin Laden no pudo soportarlo m\u00e1s y decidi\u00f3 criar terroristas en China desde muy joven, sin darse cuenta de que dej\u00f3 morir a Sanlu poco despu\u00e9s de nacer.<span><\/span>\n<\/p>\n<p class=\"MsoNormal\">\n\t&nbsp;\n<\/p>\n<p class=\"MsoNormal\" style=\"margin-left:0cm;\">\n\tPor supuesto, esto es una broma inventada por los internautas, ahora analicemos seriamente la verdadera raz\u00f3n:<span><\/span>\n<\/p>\n<p class=\"MsoNormal\">\n\tLas actividades terroristas en el mundo se desencadenan principalmente por conflictos religiosos (por ejemplo, Israel y el mundo \u00e1rabe), agresiones y contraagresiones (por ejemplo, Estados Unidos e Irak), as\u00ed como por delitos de bandas criminales (por ejemplo, Chechenia, la Mafia), etc. Por supuesto, en primer lugar, hay que saber que la definici\u00f3n de este terrorismo la define la Sociedad de Naciones o algunos pa\u00edses en s\u00ed, y que la mayor\u00eda de las organizaciones terroristas se consideran a s\u00ed mismas justas, como los talibanes y Chechenia, y por supuesto tambi\u00e9n las hay que tienen detr\u00e1s a algunos pa\u00edses u organizaciones, por eso son tan frecuentes las actividades terroristas.<span><\/span>\n<\/p>\n<p class=\"MsoNormal\">\n\t\n<\/p>\n<p class=\"MsoNormal\">\n\t1. China no es un pa\u00eds religioso, especialmente no es un pa\u00eds cristiano. Las organizaciones terroristas internacionales son organizaciones terroristas isl\u00e1micas de car\u00e1cter religioso, y se ha establecido que las organizaciones terroristas internacionales no son cristianas, jud\u00edas, hind\u00faes, budistas, ortodoxas y otras organizaciones religiosas, y que el \u00fanico componente religioso es el islam. Por lo tanto, la guerra contra el terrorismo es en realidad una guerra religiosa y los dos bandos en la guerra real son el islam y el cristianismo (catolicismo, ortodoxia) y el juda\u00edsmo, mientras que el budismo es la religi\u00f3n m\u00e1s tolerante y no tiene odio con ninguna religi\u00f3n. La guerra contra ISIS es, en mi opini\u00f3n, una continuaci\u00f3n de las cruzadas hist\u00f3ricas a Oriente. Salvo que las Cruzadas fueron una invasi\u00f3n de los pa\u00edses cristianos de Europa contra los pa\u00edses isl\u00e1micos de Oriente Medio y Asia, mientras que la actual guerra contra el terror no parece ser contra ning\u00fan pa\u00eds isl\u00e1mico, sino simplemente contra la organizaci\u00f3n terrorista fundamentalista isl\u00e1mica. Sin embargo, esta organizaci\u00f3n est\u00e1 compuesta por personas de varios pa\u00edses isl\u00e1micos, incluidos Estados Unidos y creyentes de Europa, Asia, \u00c1frica y otros pa\u00edses.<span><\/span>\n<\/p>\n<p class=\"MsoNormal\">\n\t\n<\/p>\n<p class=\"MsoNormal\">\n\t2. China ha sufrido pocos atentados terroristas internacionales, pero muchos internos: el atentado contra la estaci\u00f3n sur de ferrocarril de Urumqi (Xinjiang).<span>--2014<\/span>apellido Nian<span>4<\/span>luna<span>30<\/span>D\u00eda.<span>2<\/span>Un grupo de extremistas religiosos vol\u00f3 la Estaci\u00f3n Sur de Ferrocarril, matando a<span>3<\/span>Muertes.<span>79<\/span>Herido; violento atentado terrorista en la estaci\u00f3n de ferrocarril de Kunming, provincia de Yunnan<span>--2014<\/span>apellido Nian<span>3<\/span>luna<span>1<\/span>Grave incidente terrorista violento ideado y organizado por las fuerzas separatistas de Xinjiang en la estaci\u00f3n de ferrocarril de Kunming, provincia de Yunnan, el 28 de noviembre de 2009; incidente violento de acuchillamiento y asesinato en Yecheng, provincia de Xinjiang, el 28 de noviembre de 2009.<span>--2012<\/span>apellido Nian<span>2<\/span>luna<span>28<\/span>El 28 de abril, Mamouti y otros miembros del grupo terrorista mataron a hachazos a personas inocentes en la calle peatonal, con el resultado de<span>15<\/span>Muertes.<span>14<\/span>Heridos en un incendio en Lhasa<span>--2008<\/span>apellido Nian<span>3<\/span>luna<span>14<\/span>El 28 de septiembre, elementos an\u00e1rquicos cometieron actos de vandalismo y saqueos en la ciudad de Lhasa, atacando centros comerciales y oficinas gubernamentales, con el resultado de<span>13<\/span>La gente era quemada o asesinada a hachazos de forma brutal.<span>......<\/span>Los atentados terroristas en China se producen b\u00e1sicamente en Occidente, y los terroristas son b\u00e1sicamente extremistas religiosos de minor\u00edas \u00e9tnicas. Debido al especial sistema social de China, hay menos condiciones que puedan inducir al terrorismo, unido al hecho de que el poder coercitivo del Estado es tan grande que el m\u00e1s m\u00ednimo indicio de terrorismo ser\u00e1 eliminado, y debido al estricto control del Estado sobre la industria period\u00edstica, muchas de las noticias m\u00e1s graves ser\u00e1n bloqueadas, por lo que rara vez podemos ver terrorismo interno en China.<span><\/span>\n<\/p>\n<p class=\"MsoNormal\">\n\t\n<\/p>\n<p class=\"MsoNormal\">\n\t3. China es un pa\u00eds neutral y nunca ha iniciado una guerra desde la fundaci\u00f3n de la Nueva China; no provoca problemas cuando no hay nada que hacer y no teme los problemas cuando hay algo que hacer. La pol\u00edtica exterior de China en el mundo no es como la de Estados Unidos, que interfiere en los asuntos internos de otros pueblos en todas partes, por lo que b\u00e1sicamente no tiene enemigos. La estrategia de desarrollo interno de China se basa b\u00e1sicamente en la construcci\u00f3n econ\u00f3mica, y su estrategia internacional es principalmente la cooperaci\u00f3n empresarial. En lo que respecta a la pol\u00edtica y las creencias religiosas, la diplomacia china intentar\u00e1 evitar posicionarse, por lo que la relaci\u00f3n entre China y la comunidad internacional es relativamente armoniosa. Adem\u00e1s, China participa a menudo en actividades de mantenimiento de la paz en las Naciones Unidas, participa en el mantenimiento de la seguridad local, y tambi\u00e9n proporciona ayuda a algunos pa\u00edses pobres de Asia, \u00c1frica y Am\u00e9rica Latina, organizando a menudo ayuda caritativa. China ha establecido una muy buena imagen internacional en el mundo.<span><\/span>\n<\/p>\n<p class=\"MsoNormal\">\n\t&nbsp;\n<\/p>\n<p class=\"MsoNormal\" style=\"margin-left:0cm;\">\n\t&nbsp;Los atentados terroristas son ataques perpetrados por extremistas contra civiles e instalaciones civiles de manera incompatible con la moral internacional. En<span>21<\/span>En este siglo, el mundo avanza gradualmente hacia una era de paz y prosperidad, y nosotros resistimos a todas las fuerzas terroristas, nos abstenemos de hacer propaganda y no participamos en ellas. La buena vida de hoy no es f\u00e1cil de conseguir, y no debemos permitir que los extremistas individuales socaven la situaci\u00f3n general del mundo debido a sus propios deseos ego\u00edstas, \u00a1y estamos decididos a luchar contra las fuerzas del mal hasta el final!\n<\/p>\n<p>\n\t<\/p>","protected":false},"excerpt":{"rendered":"<p>En la noche del 14 de julio, hora local francesa, un cami\u00f3n embisti\u00f3 a un coche que estaba viendo la Fiesta Nacional.<span class=\"excerpt-hellip\"> [...]<\/span><\/p>","protected":false},"author":1,"featured_media":0,"comment_status":"open","ping_status":"open","sticky":false,"template":"","format":"standard","meta":{"footnotes":""},"categories":[17],"tags":[],"class_list":["post-3669","post","type-post","status-publish","format-standard","hentry","category-latest-news"],"_links":{"self":[{"href":"https:\/\/www.yzzks.com\/es\/wp-json\/wp\/v2\/posts\/3669","targetHints":{"allow":["GET"]}}],"collection":[{"href":"https:\/\/www.yzzks.com\/es\/wp-json\/wp\/v2\/posts"}],"about":[{"href":"https:\/\/www.yzzks.com\/es\/wp-json\/wp\/v2\/types\/post"}],"author":[{"embeddable":true,"href":"https:\/\/www.yzzks.com\/es\/wp-json\/wp\/v2\/users\/1"}],"replies":[{"embeddable":true,"href":"https:\/\/www.yzzks.com\/es\/wp-json\/wp\/v2\/comments?post=3669"}],"version-history":[{"count":0,"href":"https:\/\/www.yzzks.com\/es\/wp-json\/wp\/v2\/posts\/3669\/revisions"}],"wp:attachment":[{"href":"https:\/\/www.yzzks.com\/es\/wp-json\/wp\/v2\/media?parent=3669"}],"wp:term":[{"taxonomy":"category","embeddable":true,"href":"https:\/\/www.yzzks.com\/es\/wp-json\/wp\/v2\/categories?post=3669"},{"taxonomy":"post_tag","embeddable":true,"href":"https:\/\/www.yzzks.com\/es\/wp-json\/wp\/v2\/tags?post=3669"}],"curies":[{"name":"wp","href":"https:\/\/api.w.org\/{rel}","templated":true}]}}