{"id":3729,"date":"2023-07-07T21:25:03","date_gmt":"2023-07-07T13:25:03","guid":{"rendered":"http:\/\/yzzks.com\/index.php\/2023\/07\/07\/%e4%ba%9a%e6%b4%b2%e5%90%84%e5%9b%bd%e5%a6%82%e4%bd%95%e5%ba%86%e7%a5%9d%e5%9b%bd%e5%ba%86%e8%8a%82\/"},"modified":"2024-03-15T10:20:12","modified_gmt":"2024-03-15T02:20:12","slug":"%e4%ba%9a%e6%b4%b2%e5%90%84%e5%9b%bd%e5%a6%82%e4%bd%95%e5%ba%86%e7%a5%9d%e5%9b%bd%e5%ba%86%e8%8a%82","status":"publish","type":"post","link":"https:\/\/www.yzzks.com\/es\/fashion\/3729\/","title":{"rendered":"C\u00f3mo celebran el D\u00eda Nacional los pa\u00edses asi\u00e1ticos"},"content":{"rendered":"<p class=\"MsoNormal\" align=\"justify\" style=\"text-align:justify;text-indent:2em;\">\n\t\n<\/p>\n<p class=\"p\" style=\"margin-left:0pt;text-indent:2em;\">\n\tMayor\u00eda en Asia<span>El pa\u00eds celebra su fiesta nacional con diversos actos.<\/span>-Desfiles militares, carrozas, plazas, fuegos artificiales, espect\u00e1culos a\u00e9reos, multitudes alegres, banderas ondeantes ...... Estos elementos de celebraci\u00f3n, solemnes o c\u00e1lidos, se han convertido en recuerdos visuales inolvidables de la \"Fiesta Nacional\". Memoria visual. Ya sea un gran desfile militar o una banderita pintada en la mejilla, expresa el amor de la gente por la patria y el respeto por la historia. Entonces, \u00bfcu\u00e1les son las costumbres y especialidades de estos pa\u00edses asi\u00e1ticos a la hora de celebrar la Fiesta Nacional?\n<\/p>\n<p class=\"MsoNormal\" align=\"justify\" style=\"text-align:justify;text-indent:2em;\">\n\t\n<\/p>\n<p class=\"p\" align=\"center\" style=\"margin-left:0pt;text-align:center;text-indent:2em;\">\n\t<b>Corea del Sur (Rep\u00fablica de Corea)<\/b>\n<\/p>\n<p class=\"p\" align=\"center\" style=\"margin-left:0pt;text-align:center;text-indent:2em;\">\n\t<b><br \/>\n<\/b>\n<\/p>\n<p class=\"p\" style=\"margin-left:0pt;text-indent:2em;\">\n\t<span> Corea se diferencia de otros pa\u00edses por tener<\/span>Cuatro d\u00edas nacionales: el 1 de marzo, que conmemora el nacimiento del Movimiento de la Trinidad, nacido como resultado de la resistencia al imperialismo japon\u00e9s; el 17 de julio, que conmemora la promulgaci\u00f3n de la Constituci\u00f3n de la Rep\u00fablica de Corea en 1948; el 15 de agosto, que conmemora el retorno de Corea al poder nacional tras la opresi\u00f3n japonesa y el establecimiento del Gobierno de la Rep\u00fablica de Corea en 1948; y el 3 de octubre, que conmemora el establecimiento del Gobierno de la Rep\u00fablica de Corea. \" el 17 de julio para conmemorar la promulgaci\u00f3n de la Constituci\u00f3n de la Rep\u00fablica de Corea en 1948, el 15 de agosto para conmemorar el establecimiento del Gobierno de la Rep\u00fablica de Corea en 1948, y el 3 de octubre para conmemorar la fundaci\u00f3n del primer Estado-naci\u00f3n por el fundador de la naci\u00f3n, Tangun, en 2333 a.C. \"El festival conmemora la fundaci\u00f3n de la Rep\u00fablica de Corea en 1948, y el 3 de octubre, la fundaci\u00f3n del primer estado-naci\u00f3n de Tangun Joseon por el fundador de la naci\u00f3n, Tangun. De ellas, el D\u00eda de Gwangmu, celebrado el 15 de agosto, es la mayor de las cuatro fiestas nacionales.\n<\/p>\n<p class=\"p\" style=\"margin-left:0pt;text-indent:2em;\">\n\t\n<\/p>\n<p class=\"p\" style=\"margin-left:0pt;text-indent:2em;\">\n\t<span> Se ha informado de que en cada fiesta nacional puede verse una bandera del taiji ondeando en las calles y callejuelas de cualquier ciudad de Corea del Sur. Los coreanos tambi\u00e9n suelen organizar desfiles o reuniones conmemorativas en los d\u00edas nacionales, distribuyendo folletos en las calles o plazas, enarbolando la bandera nacional y entonando c\u00e1nticos.<\/span>\"Larga vida a la Rep\u00fablica de Corea\". Adem\u00e1s de las banderas taiji que se ven por todas partes, tambi\u00e9n puede verse un multitudinario desfile. Quiz\u00e1 sea \u00e9ste el d\u00eda en que los coreanos demuestran m\u00e1s su patriotismo.\n<\/p>\n<p class=\"p\" style=\"margin-left:0pt;text-indent:2em;\">\n\t\n<\/p>\n<p class=\"p\" style=\"margin-left:0pt;text-indent:2em;\">\n<p class=\"MsoNormal\" align=\"justify\" style=\"text-align:justify;text-indent:2em;\">\n\t\n<\/p>\n<p class=\"p\" align=\"center\" style=\"margin-left:0pt;text-align:center;text-indent:2em;\">\n\t<b>Singapur<\/b>\n<\/p>\n<p class=\"p\" align=\"center\" style=\"margin-left:0pt;text-align:center;text-indent:2em;\">\n\t<b><br \/>\n<\/b>\n<\/p>\n<p class=\"p\" style=\"margin-left:0pt;text-indent:2em;\">\n\t<span> en cada ocasi\u00f3n<\/span>El 9 de agosto, Singapur celebra su D\u00eda Nacional con un Desfile del D\u00eda Nacional. Tambi\u00e9n se celebra un Desfile del D\u00eda Nacional con exhibiciones de aviones de combate y paracaidistas. Cuando el Presidente pas\u00f3 revista a la guardia de honor, sobrevolaron 3 cazas f-16 Falcon, 6 cazas f-5s\/t y 5 cazas a-4su Super Skyhawk, un total de 14 cazas dispuestos en forma de cinco estrellas y media luna, la formaci\u00f3n es como la media luna de cinco estrellas de la bandera nacional. Despu\u00e9s de que el equipo de infanter\u00eda pasara por delante de la tribuna, los 14 cazas en formaci\u00f3n de cinco estrellas y media luna curvada sobrevolaron con tres aviones militares: un avi\u00f3n de transporte H\u00e9rcules C-130, un avi\u00f3n de alerta temprana aerotransportado E-2C Hawkeye y un avi\u00f3n de patrulla mar\u00edtima Fokker 50. A continuaci\u00f3n, siete helic\u00f3pteros, entre ellos Cherokees, Super Pumas y UH-1H, sobrevolaron en formaci\u00f3n de V.\n<\/p>\n<p class=\"p\" style=\"margin-left:0pt;text-indent:2em;\">\n\t\n<\/p>\n<p class=\"p\" style=\"margin-left:0pt;text-indent:2em;\">\n\t<span> Tras el paso del helic\u00f3ptero, lo que sigui\u00f3 fue una impresionante mirada hacia arriba, por el<\/span>Cinco comandos de las fuerzas armadas presentaron un salto en paraca\u00eddas desde un avi\u00f3n de transporte H\u00e9rcules a 1.500 metros de altura, todos ellos cargados con 40 kilos de equipo, que fue desafiado por los rascacielos que rodean la Casa de Gobierno.\n<\/p>\n<p class=\"p\" style=\"margin-left:0pt;text-indent:2em;\">\n\t\n<\/p>\n<p class=\"p\" align=\"center\" style=\"margin-left:0pt;text-align:center;text-indent:2em;\">\n\t<b>Dinast\u00eda coreana Joseon o Chosun 1392-1910<\/b>\n<\/p>\n<p class=\"p\" align=\"center\" style=\"margin-left:0pt;text-align:center;text-indent:2em;\">\n\t<b><br \/>\n<\/b>\n<\/p>\n<p class=\"p\" style=\"margin-left:0pt;text-indent:2em;\">\n\t<span> <\/span>El 9 de septiembre se celebra el aniversario de la fundaci\u00f3n de la Rep\u00fablica Popular Democr\u00e1tica de Corea. En v\u00edsperas de la fiesta nacional, se han plantado banderas nacionales por todas las calles y v\u00edas de Pyongyang, y en las principales v\u00edas de tr\u00e1fico de la ciudad se alzan pancartas gigantes.\n<\/p>\n<p class=\"p\" style=\"margin-left:0pt;text-indent:2em;\">\n\t\n<\/p>\n<p class=\"p\" style=\"margin-left:0pt;text-indent:2em;\">\n\tTodos los a\u00f1os, en el D\u00eda Nacional, la RPDC suele celebrar un gran desfile militar y una procesi\u00f3n, y en la plaza Kim Il Sung, en el centro de Pyongyang, tienen lugar una serie de actividades como un gran desfile militar, una procesi\u00f3n multitudinaria y una procesi\u00f3n de antorchas.\n<\/p>\n<p class=\"p\" style=\"margin-left:0pt;text-indent:2em;\">\n\t\n<\/p>\n<p class=\"p\" style=\"margin-left:0pt;text-indent:2em;\">\n\tPor la ma\u00f1ana, alrededor de la plaza Kim Il Sung se desplegaron vistosas banderas y los ciudadanos de Pyongyang, ataviados con trajes festivos, fueron como una marea. En medio de una majestuosa m\u00fasica, cerca de 10.000 soldados, entre ellos la columna de la bandera retrato del l\u00edder del Ej\u00e9rcito Popular, las columnas de las universidades militares del Ej\u00e9rcito Popular, las columnas del ej\u00e9rcito, la marina y la fuerza a\u00e9rea, y las columnas de la Academia Revolucionaria, marchar\u00e1n frente al podio del Presidente. Despu\u00e9s, cientos de miles de personas de todas las clases sociales de Pyongyang pasar\u00e1n por delante del podio rodeados de estatuas del L\u00edder, veh\u00edculos de colores y pancartas. Por la noche, j\u00f3venes estudiantes de Pyongyang organizaron una procesi\u00f3n de antorchas y una fiesta de celebraci\u00f3n en la plaza Kim Il Sung.\n<\/p>\n<p class=\"p\" style=\"margin-left:0pt;text-indent:2em;\">\n\t\n<\/p>\n<p class=\"p\" align=\"center\" style=\"margin-left:0pt;text-align:center;text-indent:2em;\">\n\t<b>Vietnam<\/b>\n<\/p>\n<p class=\"p\" align=\"center\" style=\"margin-left:0pt;text-align:center;text-indent:2em;\">\n\t<b><br \/>\n<\/b>\n<\/p>\n<p class=\"p\" style=\"margin-left:0pt;text-indent:2em;\">\n\t<span> Para celebrar el D\u00eda Nacional de Viet Nam, Viet Nam<\/span>El D\u00eda Nacional, el 2 de septiembre, se celebra en la capital, Hanoi, con grandes m\u00edtines, desfiles militares y procesiones. Antes de la fiesta, el Gobierno de Vietnam enviar\u00e1 una circular a los comit\u00e9s populares de todas las provincias y ciudades para que adopten disposiciones espec\u00edficas para las celebraciones del D\u00eda Nacional. Por lo general, los m\u00edtines, desfiles militares y procesiones se celebran en la capital, Hanoi, con retransmisiones en directo de estas celebraciones por televisi\u00f3n y radio, y la noche del 2 de septiembre se lanzan fuegos artificiales en Hanoi, Hai Phong, Hue, Dien Bien Phu, Tan Chieu, Bang My Thu, Da Nang, Can Tho y Ciudad Ho Chi Minh.\n<\/p>\n<p class=\"p\" style=\"margin-left:0pt;text-indent:2em;\">\n\t\n<\/p>\n<p class=\"p\" style=\"margin-left:0pt;text-indent:2em;\">\n\t<span> De acuerdo con el esp\u00edritu de la circular del Gobierno, todos los departamentos gubernamentales, provincias, ciudades y localidades est\u00e1n obligados a realizar celebraciones pr\u00e1cticas, combin\u00e1ndolas con competiciones patri\u00f3ticas, desarrollo econ\u00f3mico y alivio de la pobreza. En las localidades se est\u00e1n celebrando diversas actividades culturales y deportivas de acuerdo con las condiciones espec\u00edficas y bajo el principio de econom\u00eda y seguridad.<\/span>\n<\/p>\n<p class=\"p\" align=\"center\" style=\"margin-left:0pt;text-align:center;text-indent:2em;\">\n\t<b><br \/>\n<\/b>\n<\/p>\n<p class=\"p\" align=\"center\" style=\"margin-left:0pt;text-align:center;text-indent:2em;\">\n\t<b>India<\/b>\n<\/p>\n<p class=\"p\" align=\"center\" style=\"margin-left:0pt;text-align:center;text-indent:2em;\">\n\t<b><br \/>\n<\/b>\n<\/p>\n<p class=\"p\" style=\"margin-left:0pt;text-indent:2em;\">\n\t<span> El D\u00eda de la Rep\u00fablica es uno de los festivales m\u00e1s coloridos de la India y se celebra, seg\u00fan el calendario gregoriano, el<\/span>El 26 de enero fue celebrado en 1929 como D\u00eda de la Independencia por el Partido del Congreso, el partido pol\u00edtico m\u00e1s antiguo de la India, en su convenci\u00f3n anual, y fue declarado oficialmente fiesta nacional el 15 de agosto de 1947, tras la declaraci\u00f3n formal de la independencia de la India, y se le dio a\u00fan mayor significado en 1950, cuando se promulg\u00f3 la Constituci\u00f3n Republicana. Cada a\u00f1o, el 26 de enero, gentes de toda la India se re\u00fanen en Nueva Delhi, frente a la plaza del Palacio Presidencial, decorada con luces, para celebrar un poderoso desfile. Las principales actividades incluyen marchas, bailes, discursos, etc. El 29 de enero se celebra un desfile de tambores en la Avenida de la Soberan\u00eda para marcar el final de las celebraciones.\n<\/p>\n<p class=\"p\" style=\"margin-left:0pt;text-indent:2em;\">\n\t\n<\/p>\n<p class=\"p\" align=\"center\" style=\"margin-left:0pt;text-align:center;text-indent:2em;\">\n\t<b>Tailandia<\/b>\n<\/p>\n<p class=\"p\" align=\"center\" style=\"margin-left:0pt;text-align:center;text-indent:2em;\">\n\t<b><br \/>\n<\/b>\n<\/p>\n<p class=\"p\" style=\"margin-left:0pt;text-indent:2em;\">\n\t<span> El Rey goza de rango supremo en Tailandia, por lo que el D\u00eda Nacional de Tailandia tambi\u00e9n se celebra con motivo del cumplea\u00f1os del Rey Bhumibol.<\/span>-El cumplea\u00f1os de Adulyadej, el 5 de diciembre, es tambi\u00e9n el D\u00eda del Padre en Tailandia. Siempre que se acerca el cumplea\u00f1os del Rey, se cuelgan retratos del Rey Bhumibol Adulyadej y de la Reina Sirikit en las calles de Bangkok. Al mismo tiempo, soldados tailandeses en uniforme de gala participar\u00e1n en un gran desfile militar en la plaza Copper Horse de Bangkok.\n<\/p>\n<p class=\"MsoNormal\" align=\"justify\" style=\"text-align:center;text-indent:2em;\">\n\t<b><br \/>\n<\/b>\n<\/p>\n<p class=\"MsoNormal\" align=\"justify\" style=\"text-align:left;text-indent:2em;\">\n\t<b><br \/>\n<\/b>\n<\/p>\n<p class=\"MsoNormal\" align=\"justify\" style=\"text-align:center;text-indent:2em;\">\n\t<b><br \/>\n<\/b>\n<\/p>\n<p class=\"MsoNormal\" align=\"justify\" style=\"text-align:center;text-indent:2em;\">\n\t<b>Japon\u00e9s<\/b><b><\/b>\n<\/p>\n<p class=\"MsoNormal\" align=\"justify\" style=\"text-align:justify;text-indent:2em;\">\n\t\n<\/p>\n<p class=\"MsoNormal\" align=\"justify\" style=\"text-align:justify;text-indent:2em;\">\n\tJap\u00f3n tiene algunas excepciones, el pueblo japon\u00e9s para el D\u00eda Nacional de los sentimientos no parecen particularmente fuertes. 11 de febrero es el d\u00eda de la fundaci\u00f3n de Jap\u00f3n, Jap\u00f3n dom\u00e9stica b\u00e1sicamente no hay actividades especiales, la \u00fanica m\u00e1s obvio que los lugares se cuelgan lleno de banderas del sol, los ciudadanos japoneses, es decir, m\u00e1s de un d\u00eda de permiso fuera, y este d\u00eda por lo general eligen los viajes al aire libre, coche pa\u00eds Jap\u00f3n, en la jornada de trabajo fuera de los d\u00edas de descanso y d\u00edas festivos en el espect\u00e1culo completo. La familia tiene una situaci\u00f3n de coche, cuando las monta\u00f1as est\u00e1n llenas de coches por todas partes. Viajes de vacaciones en Jap\u00f3n es particularmente al rojo vivo, siempre y cuando los \"d\u00edas rojos\" (d\u00edas festivos dobles y d\u00edas festivos llamados) hoteles deben ser muy caros, de alta velocidad debe ser muy congestionada, los restaurantes deben ser muy concurrido, amigos dom\u00e9sticos que viajan a Jap\u00f3n debe evitar los d\u00edas rojos japoneses, si se pone al d\u00eda con la plata y luego m\u00e1s que no necesariamente ser capaz de reservar una habitaci\u00f3n.\n<\/p>\n<p class=\"MsoNormal\" align=\"justify\" style=\"text-align:justify;text-indent:2em;\">\n\t\n<\/p>\n<p class=\"MsoNormal\" align=\"justify\" style=\"text-align:justify;text-indent:2em;\">\n\tAdem\u00e1s del turismo familiar, de hecho, Jap\u00f3n es m\u00e1s amigos viajan, y la prevalencia del turismo de compa\u00f1eros del mismo sexo, que no est\u00e1 casado con el individualismo de Jap\u00f3n tiene una gran conexi\u00f3n, el gobierno se ve obligado a establecer un ministro de la falta de hijos, espec\u00edficamente para captar el problema de la fertilidad, y la estimaci\u00f3n de que los j\u00f3venes se casan para formar una familia para tener hijos. En cualquier caso, es muy popular entre los j\u00f3venes japoneses viajar, comer, ir a bares y cantar con sus parejas. Los viajes de vacaciones son a\u00fan m\u00e1s populares.\n<\/p>\n<p class=\"MsoNormal\" align=\"justify\" style=\"text-align:justify;text-indent:2em;\">\n\t\n<\/p>\n<p style=\"text-indent:2em;\">\n\t<\/p>","protected":false},"excerpt":{"rendered":"<p>La mayor\u00eda de los pa\u00edses asi\u00e1ticos celebran sus fiestas nacionales con diversos actos.<span class=\"excerpt-hellip\"> [...]<\/span><\/p>","protected":false},"author":1,"featured_media":0,"comment_status":"open","ping_status":"open","sticky":false,"template":"","format":"standard","meta":{"footnotes":""},"categories":[15],"tags":[],"class_list":["post-3729","post","type-post","status-publish","format-standard","hentry","category-fashion"],"_links":{"self":[{"href":"https:\/\/www.yzzks.com\/es\/wp-json\/wp\/v2\/posts\/3729","targetHints":{"allow":["GET"]}}],"collection":[{"href":"https:\/\/www.yzzks.com\/es\/wp-json\/wp\/v2\/posts"}],"about":[{"href":"https:\/\/www.yzzks.com\/es\/wp-json\/wp\/v2\/types\/post"}],"author":[{"embeddable":true,"href":"https:\/\/www.yzzks.com\/es\/wp-json\/wp\/v2\/users\/1"}],"replies":[{"embeddable":true,"href":"https:\/\/www.yzzks.com\/es\/wp-json\/wp\/v2\/comments?post=3729"}],"version-history":[{"count":2,"href":"https:\/\/www.yzzks.com\/es\/wp-json\/wp\/v2\/posts\/3729\/revisions"}],"predecessor-version":[{"id":8031,"href":"https:\/\/www.yzzks.com\/es\/wp-json\/wp\/v2\/posts\/3729\/revisions\/8031"}],"wp:attachment":[{"href":"https:\/\/www.yzzks.com\/es\/wp-json\/wp\/v2\/media?parent=3729"}],"wp:term":[{"taxonomy":"category","embeddable":true,"href":"https:\/\/www.yzzks.com\/es\/wp-json\/wp\/v2\/categories?post=3729"},{"taxonomy":"post_tag","embeddable":true,"href":"https:\/\/www.yzzks.com\/es\/wp-json\/wp\/v2\/tags?post=3729"}],"curies":[{"name":"wp","href":"https:\/\/api.w.org\/{rel}","templated":true}]}}