{"id":3663,"date":"2023-07-07T21:24:46","date_gmt":"2023-07-07T13:24:46","guid":{"rendered":"http:\/\/yzzks.com\/index.php\/2023\/07\/07\/%e5%85%a8%e6%96%b9%e4%bd%8d%e8%a7%a3%e8%af%bb%e4%bd%a0%e7%9c%8b%e4%b8%8d%e5%88%b0%e7%9a%84%e5%9c%9f%e8%80%b3%e5%85%b6%e6%94%bf%e5%8f%98\/"},"modified":"2024-03-15T10:21:16","modified_gmt":"2024-03-15T02:21:16","slug":"%e5%85%a8%e6%96%b9%e4%bd%8d%e8%a7%a3%e8%af%bb%e4%bd%a0%e7%9c%8b%e4%b8%8d%e5%88%b0%e7%9a%84%e5%9c%9f%e8%80%b3%e5%85%b6%e6%94%bf%e5%8f%98","status":"publish","type":"post","link":"https:\/\/www.yzzks.com\/fr\/current-politics\/3663\/","title":{"rendered":"Un regard global sur le coup d'\u00c9tat turc que vous ne pouvez pas voir"},"content":{"rendered":"<p class=\"MsoNormal\" style=\"text-indent:2em;\">\n\t<span>&nbsp;<\/span>Alors que la France \u00e9tait encore sous le choc de sa f\u00eate nationale, la m\u00eame nuit, sans avertissement, quelques officiers de l'\u00e9tat-major des forces arm\u00e9es nationales turques ont lanc\u00e9 un coup d'\u00c9tat militaire cibl\u00e9 qui a une fois de plus choqu\u00e9 le monde. Le coup d'\u00c9tat arm\u00e9 turc a \u00e9t\u00e9 analys\u00e9 en profondeur sur Internet pendant un certain temps, mais en raison de la complexit\u00e9 de son d\u00e9roulement, il n'a pas \u00e9t\u00e9 possible d'en tirer des conclusions d\u00e9finitives.<span>\"<\/span>ancienne pratique<span>\"<\/span>Il est facile pour les lecteurs d'\u00eatre d\u00e9rout\u00e9s par le contexte. Cet article sera donc vulgaris\u00e9, de la position interne de la Turquie au conflit entre les pays, en passant par les int\u00e9r\u00eats de l'Europe et de l'Asie, ainsi qu'un avertissement \u00e0 la Chine et d'autres angles d'attaque, afin d'expliquer pleinement un coup d'\u00c9tat apparemment simple, mais en r\u00e9alit\u00e9 \u00e9ph\u00e9m\u00e8re, \u00e0 travers les nuages de la temp\u00eate internationale.<span><!--[endif]--><\/span>\n<\/p>\n<p class=\"MsoNormal\" style=\"text-indent:2em;\">\n\t<span>&nbsp;<\/span>\n<\/p>\n<p class=\"MsoNormal\" style=\"text-indent:2em;\">\n\t<strong>Les contradictions internes de la Turquie<\/strong><span>&nbsp;&nbsp; &nbsp; &nbsp; &nbsp;<\/span>\n<\/p>\n<p class=\"MsoNormal\" style=\"text-indent:2em;\">\n\t<span>&nbsp;<\/span>\n<\/p>\n<p class=\"MsoNormal\" style=\"text-indent:2em;\">\n\tLa situation g\u00e9ographique de la Turquie est tr\u00e8s particuli\u00e8re : bien que sa superficie soit \u00e9quivalente \u00e0 celle des trois provinces du nord-est de la Chine, elle est \u00e0 cheval sur le continent eurasien. La partie occidentale de la Turquie est riche en commerce et en industrie, et ses habitants traitent avec les capitalistes modernes depuis longtemps ; la partie orientale du pays a une base agraire, avec sa culture et ses croyances traditionnelles profond\u00e9ment enracin\u00e9es ; et la partie septentrionale (nord-ouest) est une r\u00e9gion d'industrie lourde, qui est l'\u00e9l\u00e9ment vital des int\u00e9r\u00eats politiques du pays. Avec la grande vague de mondialisation \u00e9conomique, l'arm\u00e9e, les entreprises, l'agriculture et la politique repr\u00e9sent\u00e9es par chacune des trois r\u00e9gions ne cessent de s'\u00e9loigner les unes des autres, ce qui g\u00e9n\u00e8re des conflits de classe.<span>&nbsp;&nbsp; &nbsp; &nbsp; <\/span>\n<\/p>\n<p class=\"MsoNormal\" style=\"text-indent:2em;\">\n\t<span>&nbsp;<\/span>\n<\/p>\n<p class=\"MsoNormal\" style=\"text-indent:2em;\">\n\t<span>&nbsp;<\/span>Aujourd'hui, avec la mondialisation de l'\u00e9conomie, les pays du monde entier sont sujets \u00e0 un bourbier o\u00f9 les riches s'enrichissent et les pauvres s'appauvrissent. La Turquie n'a pas fait exception, et les repr\u00e9sentants de l'agriculture de l'Est ont rapidement pris conscience des richesses de l'Ouest et de leur propre pauvret\u00e9, et c'est \u00e0 ce moment-l\u00e0 que l'Islam a lev\u00e9 son drapeau et a commenc\u00e9 \u00e0 travailler pour ce peuple pauvre<span>\"<\/span>faire respecter la justice<span>\"<\/span>En effet, de plus en plus d'habitants de l'Est, en qu\u00eate d'aide sociale, commencent \u00e0 rejoindre le mouvement en faveur d'une mosqu\u00e9e, d'o\u00f9 est originaire Erdogan, l'actuel dirigeant de la Turquie. Ce pays, qui est connu pour<span>\"<\/span>L'Islam<span>\"<\/span>Il s'agit de la d\u00e9mocratie la plus avanc\u00e9e au monde, car les valeurs fondamentales d'un groupe de personnes ont donn\u00e9 naissance \u00e0 un parti appel\u00e9 le Parti de la prosp\u00e9rit\u00e9, qui repr\u00e9sente les droits et les int\u00e9r\u00eats des civils de la classe inf\u00e9rieure, occupe le haut du pav\u00e9 moral et gagne l'amour de la majorit\u00e9 du peuple turc. Pr\u00e9sident actuel de la Turquie : Erdogan<span>&nbsp; &nbsp; &nbsp; &nbsp;<\/span>\n<\/p>\n<p class=\"MsoNormal\" style=\"text-indent:2em;\">\n\t<span>&nbsp;<\/span>\n<\/p>\n<p class=\"MsoNormal\" style=\"text-indent:2em;\">\n\tMais l'Occident, qui fait des affaires avec le capitalisme, n'\u00e9tait manifestement pas heureux de voir ses richesses et ses droits divis\u00e9s, et l'Occident ne voulait pas voir la situation en Turquie devenir de plus en plus incontr\u00f4lable (islamis\u00e9e), et des forces ext\u00e9rieures ont alors soutenu des coups d'\u00c9tat arm\u00e9s en Occident pour freiner l'expansion des valeurs islamiques. Jusqu'\u00e0 ce qu'Erdogan prenne le pouvoir, il a progressivement r\u00e9vis\u00e9 la politique turque afin de maximiser les int\u00e9r\u00eats entre le nord-est et l'ouest, de mani\u00e8re \u00e0 ce que le pays soit stable. En termes de position politique, le premier fr\u00e8re de la Turquie veut mettre la Turquie sur une voie islamique distincte, en se concentrant sur le d\u00e9veloppement \u00e9conomique d'une part et sur la foi d'autre part, afin de faire de la Turquie une puissance islamique moderne.<span>&nbsp;&nbsp; &nbsp; &nbsp; &nbsp;<\/span>\n<\/p>\n<p class=\"MsoNormal\" style=\"text-indent:2em;\">\n\t<span>&nbsp;<\/span>\n<\/p>\n<p class=\"MsoNormal\" style=\"text-indent:2em;\">\n\t<span><br \/>\n<\/span>\n<\/p>\n<p class=\"MsoNormal\" style=\"text-indent:2em;\">\n\t<span><br \/>\n<\/span>\n<\/p>\n<p class=\"MsoNormal\" style=\"text-indent:2em;\">\n\tL'approche strat\u00e9gique de l'actuel premier fr\u00e8re de la Turquie \u00e9tait en effet judicieuse, et le pays a connu pendant un court laps de temps une p\u00e9riode de lune de miel paisible. Mais les bons moments n'ont pas dur\u00e9 longtemps, et avec l'arriv\u00e9e de l'Union europ\u00e9enne, le pays est entr\u00e9 dans une p\u00e9riode de lune de miel paisible.<span>2008<\/span>Suite \u00e0 la crise financi\u00e8re internationale de 2008, le taux de croissance de la Turquie est devenu de moins en moins favorable par rapport au d\u00e9veloppement rapide qui avait eu lieu lors de l'arriv\u00e9e au pouvoir d'Erdo\u011fan. Les entreprises de l'ouest de la Turquie, qui sont li\u00e9es aux int\u00e9r\u00eats occidentaux, ont commenc\u00e9 \u00e0 sentir que l'argent \u00e9tait de plus en plus difficile \u00e0 gagner, et les id\u00e9es du gouvernement actuel (\u00e9quilibrer le foss\u00e9 entre les classes) entravaient souvent le d\u00e9veloppement de l'ouest, de sorte que lorsqu'Erdogan n'a pas eu de croissance \u00e9conomique stable et soutenue, et qu'il a \u00e9t\u00e9 difficile de niveler cette cuvette d'eau, le pays a de nouveau \u00e9t\u00e9 conflictuel et divis\u00e9.<span>&nbsp;&nbsp; &nbsp; &nbsp; <\/span>\n<\/p>\n<p class=\"MsoNormal\" style=\"text-indent:2em;\">\n\t<span>&nbsp;<\/span>\n<\/p>\n<p class=\"MsoNormal\" style=\"text-indent:2em;\">\n\t\u00c0 l'instar du r\u00e9cent coup d'\u00c9tat en Tha\u00eflande, qui a entra\u00een\u00e9 la chute de Yingluck, et du coup d'\u00c9tat actuel en Turquie, il s'agit d'un conflit entre l'arm\u00e9e, qui repr\u00e9sente le capitalisme, et le gouvernement, qui pr\u00f4ne la justice sociale et veille aux int\u00e9r\u00eats des classes inf\u00e9rieures.\n<\/p>\n<p class=\"MsoNormal\" style=\"text-indent:2em;\">\n\t<span>&nbsp;<\/span>\n<\/p>\n<p class=\"MsoNormal\" style=\"text-indent:2em;\">\n\t<span>&nbsp;<\/span>\n<\/p>\n<p class=\"MsoNormal\" style=\"text-indent:2em;\">\n\t<strong>Un emplacement inhabituel pour un destin inhabituel.<\/strong><span>&nbsp;&nbsp; &nbsp; &nbsp; &nbsp;<\/span>\n<\/p>\n<p class=\"MsoNormal\" style=\"text-indent:2em;\">\n\t<span>&nbsp;<\/span>\n<\/p>\n<p class=\"MsoNormal\" style=\"text-indent:2em;\">\n\t<span>2016<\/span>L'ann\u00e9e a \u00e9t\u00e9 l'une des plus d\u00e9licates et des plus aigu\u00ebs dans la situation internationale, ce qui a pr\u00e9d\u00e9termin\u00e9 que le coup d'\u00c9tat en Turquie, pays g\u00e9ographiquement particulier, ne pourrait jamais \u00eatre un coup d'\u00c9tat ordinaire dans le cadre de la politique de l'Union europ\u00e9enne.<span>\"<\/span>la course au profit<span>\"<\/span>r\u00e9pondre en chantant<span>\"<\/span>exigences politiques<span>\"<\/span>.<span>&nbsp;&nbsp; &nbsp; &nbsp;<\/span>\n<\/p>\n<p class=\"MsoNormal\" style=\"text-indent:2em;\">\n\t<span>&nbsp;<\/span>\n<\/p>\n<p class=\"MsoNormal\" style=\"text-indent:2em;\">\n\t<span>&nbsp;&nbsp;<\/span>L'int\u00e9gration continentale eurasienne de l'\u00e9conomie r\u00e9pond aux besoins actuels de l'\u00e9conomie mondiale, ce qui constitue une nouvelle orientation pour promouvoir la reprise de l'\u00e9conomie mondiale, a propos\u00e9 le Secr\u00e9taire g\u00e9n\u00e9ral Xi.<span>\"<\/span>La ceinture et la route<span>\"<\/span>Elle fait partie de l'int\u00e9gration de l'\u00e9conomie eurasienne. Cependant, cela est clairement pr\u00e9judiciable aux pays qui ne font pas partie du continent eurasien et qui ne veulent pas \u00eatre d\u00e9pass\u00e9s ou distanc\u00e9s par la prosp\u00e9rit\u00e9 rapide de l'Eurasie, et la Turquie, en tant que pivot qui relie le continent, est naturellement devenue la cible de l'opposition qui doit \u00eatre coup\u00e9e.<span>&nbsp;&nbsp; &nbsp;<\/span>\n<\/p>\n<p class=\"MsoNormal\" style=\"text-indent:2em;\">\n\t<span>&nbsp;<\/span>\n<\/p>\n<p class=\"MsoNormal\" style=\"text-indent:2em;\">\n\tLa sortie de la Grande-Bretagne de l'Union europ\u00e9enne est devenue un n\u0153ud o\u00f9 la situation internationale commence \u00e0 changer, et les pays de l'UE men\u00e9s par l'Allemagne, afin de stabiliser l'unit\u00e9 interne, devront in\u00e9vitablement trouver une nouvelle direction pour la croissance rapide de leur propre d\u00e9veloppement \u00e9conomique tout en supprimant la Grande-Bretagne. Dans le cas contraire, l'\u00e9conomie de l'UE continue de s'effondrer et les membres internes sont dispers\u00e9s, ce qui est un mauvais pr\u00e9sage. La Russie n'a jamais \u00e9t\u00e9 l'atout de l'UE, tant que le d\u00e9blocage de certaines des fronti\u00e8res de l'UE ne sera pas achev\u00e9.<span>\"<\/span>punition<span>\"<\/span>Si l'on ne prend pas en compte la politique de l'UE, l'\u00e9conomie de l'UE va rapidement refluer, mais ce n'est \u00e9videmment pas ce que souhaitent les \u00c9tats-Unis. Afin d'\u00e9quilibrer les conflits internationaux, le nouveau point de croissance de l'UE sera donc plac\u00e9 en Asie, la Russie n'\u00e9tant qu'un choix de n\u00e9cessit\u00e9.<span>&nbsp;&nbsp; &nbsp; &nbsp; &nbsp;<\/span>\n<\/p>\n<p class=\"MsoNormal\" style=\"text-indent:2em;\">\n\t<span>&nbsp;<\/span>\n<\/p>\n<p class=\"MsoNormal\" style=\"text-indent:2em;\">\n\tL'UE n'est pas la seule \u00e0 s'int\u00e9resser \u00e0 l'int\u00e9gration \u00e9conomique de l'Eurasie, certains pays comme l'Inde et la Turquie l'ont \u00e9galement compris. Il n'est pas difficile d'expliquer pourquoi l'Inde et la Turquie sont devenues dociles apr\u00e8s le d\u00e9part de la Grande-Bretagne de l'Union europ\u00e9enne. L'alli\u00e9 am\u00e9ricain, l'Inde, sur la mer de Chine m\u00e9ridionale<span>\"<\/span>impr\u00e9vu<span>\"<\/span>de la Chine, et la Turquie, apr\u00e8s le Brexit, est un pays qui n'a pas de<span>\"<\/span>impr\u00e9vu<span>\"<\/span>Les excuses \u00e0 la Russie et la reprise d'une diplomatie normale visent toutes \u00e0 apaiser (par des gestes) les relations avec le camp adverse des \u00c9tats-Unis et \u00e0 obtenir une part de la nouvelle vague \u00e9conomique.\n<\/p>\n<p class=\"MsoNormal\" style=\"text-indent:2em;\">\n\t<span>&nbsp;<\/span>\n<\/p>\n<p class=\"MsoNormal\" style=\"text-indent:2em;\">\n\t<span>&nbsp;<\/span>Le r\u00e9gime turc est tr\u00e8s impuissant, son r\u00e9gime pour \u00eatre en mesure de se solidifier est \u00e0 un co\u00fbt \u00e9conomique \u00e9norme pour s'attirer les faveurs des forces tripartites en \u00e9change de la paix, une fois le ralentissement \u00e9conomique, la Turquie n'a pas assez de finances pour continuer \u00e0 soutenir le bien-\u00eatre de la classe inf\u00e9rieure et le traitement pr\u00e9f\u00e9rentiel du capital occidental, alors le r\u00e9gime peut s'effondrer \u00e0 tout moment. \u00c0 l'instar de la Turquie, de plus en plus de pays commencent \u00e0 favoriser les \u00c9tats-Unis sur le plan militaire et l'Est sur le plan \u00e9conomique, ce qui t\u00e9moigne de l'impuissance d'un petit pays.<span>&nbsp;&nbsp; &nbsp; &nbsp;<\/span>\n<\/p>\n<p class=\"MsoNormal\" style=\"text-indent:2em;\">\n\t<span>&nbsp;<\/span>\n<\/p>\n<p class=\"MsoNormal\" style=\"text-indent:2em;\">\n\t<span>&nbsp;&nbsp;<\/span>Les \u00c9tats-Unis ne veulent surtout pas que la Turquie tombe sur leur \u00e9p\u00e9e, et si la Turquie ne peut pas \u00eatre utilis\u00e9e comme arme par les \u00c9tats-Unis, elle doit au moins servir de zone tampon en Eurasie, sans quoi les \u00c9tats-Unis ne rel\u00e2cheront certainement pas leur attention. En outre, une Turquie en proie \u00e0 des troubles est \u00e9galement dans l'int\u00e9r\u00eat des \u00c9tats-Unis. En effet, la Turquie abrite un pays semblable \u00e0<span>\"<\/span>La rencontre avec les Juifs<span>\"<\/span>Les Kurdes sont un peuple tr\u00e8s nombreux, mais ils n'ont jamais eu d'\u00c9tat propre, vivant au Moyen-Orient et \u00e9tant opprim\u00e9s. Il y a un grand nombre de Kurdes opprim\u00e9s en Turquie, et en cas de troubles civils en Turquie, la communaut\u00e9 kurde pourrait avoir un nouvel espoir en s'armant pour \u00e9tablir son propre \u00c9tat ind\u00e9pendant quelque part. Si un tel \u00c9tat \u00e9tait cr\u00e9\u00e9, il r\u00e9duirait in\u00e9vitablement la pression sur Isra\u00ebl, dont on sait qu'il est au centre des int\u00e9r\u00eats am\u00e9ricains au Moyen-Orient.\n<\/p>\n<p class=\"MsoNormal\" style=\"text-indent:2em;\">\n\t<span>&nbsp;<\/span>\n<\/p>\n<p class=\"MsoNormal\" style=\"text-indent:2em;\">\n\t<span>&nbsp;<\/span>\n<\/p>\n<p class=\"MsoNormal\" style=\"text-indent:2em;\">\n\t<strong>Les \u00c9tats-Unis sont-ils derri\u00e8re tout cela ?<\/strong><span>&nbsp;&nbsp;<br \/>\n&nbsp; &nbsp; <\/span>\n<\/p>\n<p class=\"MsoNormal\" style=\"text-indent:2em;\">\n\t<span>&nbsp;<\/span>\n<\/p>\n<p class=\"MsoNormal\" style=\"text-indent:2em;\">\n\t<span>&nbsp;<\/span>Les \u00c9tats-Unis sont-ils derri\u00e8re tout cela ? Il y a quelques jours, Washington s'est empress\u00e9 de clarifier sa position sur l'incident du coup d'\u00c9tat turc. Mais si les d\u00e9clarations officielles ont toujours \u00e9t\u00e9 moralisatrices, de nombreuses informations politiques peuvent encore y trouver des traces.<span>&nbsp;&nbsp; &nbsp; &nbsp;<\/span>\n<\/p>\n<p class=\"MsoNormal\" style=\"text-indent:2em;\">\n\t<span>&nbsp;<\/span>\n<\/p>\n<p class=\"MsoNormal\" style=\"text-indent:2em;\">\n\t<span>&nbsp;&nbsp;<\/span>Par exemple.<span>7<\/span>lune<span>15<\/span>La tentative de coup d'\u00c9tat militaire en Turquie le<span>7<\/span>lune<span>16<\/span>Dimanche, le consulat am\u00e9ricain en Turquie a d\u00e9clar\u00e9 que la base a\u00e9rienne am\u00e9ricaine d'Incirlik, dans le sud de la Turquie, avait \u00e9t\u00e9 boucl\u00e9e et que l'alimentation \u00e9lectrique de la base avait \u00e9t\u00e9 coup\u00e9e \u00e0 la suite d'un coup d'\u00c9tat militaire. Le m\u00eame jour, les \u00c9tats-Unis ont suspendu tous les vols \u00e0 destination de la Turquie ?\n<\/p>\n<p class=\"MsoNormal\" style=\"text-indent:2em;\">\n\t<span>&nbsp;<\/span>\n<\/p>\n<p class=\"MsoNormal\" style=\"text-indent:2em;\">\n\t<strong>&nbsp;<\/strong><strong>L'\u00e9chec du coup d'\u00c9tat n'a pas grand-chose \u00e0 voir avec les nouveaux m\u00e9dias<\/strong><span>&nbsp;&nbsp;<br \/>\n&nbsp; <\/span>\n<\/p>\n<p class=\"MsoNormal\" style=\"text-indent:2em;\">\n\t<span>&nbsp;<\/span>\n<\/p>\n<p class=\"MsoNormal\" style=\"text-indent:2em;\">\n\t<span>&nbsp; &nbsp;<\/span>L'\u00e9chec du coup d'\u00c9tat en Turquie a \u00e9t\u00e9 r\u00e9sum\u00e9 par certains comme \u00e9tant le r\u00e9sultat de<span>21<\/span>Le d\u00e9veloppement et la commodit\u00e9 des nouveaux m\u00e9dias au cours du si\u00e8cle. En fait, la communication par les nouveaux m\u00e9dias n'a fait que contribuer \u00e0 cet \u00e9v\u00e9nement, ce qui a acc\u00e9l\u00e9r\u00e9 l'\u00e9chec du coup d'\u00c9tat. Si on l'analyse en profondeur, m\u00eame sans les nouveaux m\u00e9dias, le succ\u00e8s du coup d'\u00c9tat aurait \u00e9t\u00e9 tr\u00e8s faible.<span>&nbsp;&nbsp; &nbsp; &nbsp;<\/span>\n<\/p>\n<p class=\"MsoNormal\" style=\"text-indent:2em;\">\n\t<span>&nbsp;<\/span>\n<\/p>\n<p class=\"MsoNormal\" style=\"text-indent:2em;\">\n\t<span>&nbsp;&nbsp;<\/span>Le gouvernement d'Erdogan repr\u00e9sente lui-m\u00eame les int\u00e9r\u00eats de la classe inf\u00e9rieure, et l'\u00c9tat islamique moderne qu'il a esquiss\u00e9 est conforme \u00e0 la vision de la majorit\u00e9 absolue. Le conflit entre l'est et l'ouest de la Turquie est profond\u00e9ment enracin\u00e9, et une mont\u00e9e au pouvoir des capitalistes \u00e0 l'ouest, \u00e0 moins qu'elle ne se heurte \u00e0 une r\u00e9pression arm\u00e9e, ne convaincra pas les habitants de l'est de la Turquie, m\u00eame si Erdo\u011fan est \u00e9tiquet\u00e9 en premier lieu, ce qui pourrait conduire \u00e0 des troubles civils dans le pays, comme cela a \u00e9t\u00e9 le cas en Ukraine.<span>\"<\/span>groupe coup d'\u00e9tat<span>\"<\/span>Il est tr\u00e8s difficile de s'emparer du pouvoir de l'\u00c9tat. Et des pays comme la Syrie et l'Ukraine, g\u00e9ographiquement tr\u00e8s proches de la Turquie, ont depuis longtemps donn\u00e9 aux Turcs une le\u00e7on ouverte sur les cons\u00e9quences n\u00e9gatives de la s\u00e9cession.<span>&nbsp;&nbsp; &nbsp; &nbsp; <\/span>\n<\/p>\n<p class=\"MsoNormal\" style=\"text-indent:2em;\">\n\t<span>&nbsp;<\/span>\n<\/p>\n<p class=\"MsoNormal\" style=\"text-indent:2em;\">\n\t<span>&nbsp;<\/span>D'apr\u00e8s les images et les vid\u00e9os diffus\u00e9es, il est clair que la grande majorit\u00e9 de la population turque est favorable au r\u00e9gime d'Erdogan, m\u00eame si ce r\u00e9gime commence \u00e0 s'affaiblir, plut\u00f4t qu'\u00e0 l'arm\u00e9e, qui pr\u00e9conise un renversement du pouvoir vers la capitale. Depuis l'Antiquit\u00e9, c'est le peuple qui gagne, et la raison ultime de l'\u00e9chec du coup d'\u00c9tat est que le parti d'Erdogan est celui que le peuple aime (Erdogan jouit d'un soutien populaire presque deux fois sup\u00e9rieur \u00e0 celui de Yingluck, d\u00e9j\u00e0 mentionn\u00e9e).<span><!--[endif]--><\/span>\n<\/p>\n<p class=\"MsoNormal\" style=\"text-indent:2em;\">\n\t<span>&nbsp;<\/span>\n<\/p>\n<p class=\"MsoNormal\" style=\"text-indent:2em;\">\n\t<strong>Avertissements pour la Chine<\/strong><span>&nbsp;&nbsp;<br \/>\n&nbsp; &nbsp; &nbsp;<\/span>\n<\/p>\n<p class=\"MsoNormal\" style=\"text-indent:2em;\">\n\t<span>&nbsp;<\/span>\n<\/p>\n<p class=\"MsoNormal\" style=\"text-indent:2em;\">\n\tvu de l'int\u00e9rieur<span>,<\/span>Le coup d'\u00c9tat turc est \u00e9galement un avertissement pour la Chine. Lorsque la Chine a lanc\u00e9 une r\u00e9forme agraire pour lib\u00e9rer les travailleurs, elle a imm\u00e9diatement re\u00e7u une r\u00e9ponse de la part de toute la nation. \u00c0 l'instar de la Turquie, un parti politique capable de prendre en compte les int\u00e9r\u00eats des classes inf\u00e9rieures et de toujours penser pour elles ne sera jamais effray\u00e9 par une quelconque menace, et il y aura toujours des gens qui se l\u00e8veront pour bloquer les chars et combattre physiquement les rebelles. Aujourd'hui, la crise de l'\u00e9cart de richesse en Chine devient de plus en plus importante, la corruption des fonctionnaires et des entreprises \u00e9largit la distance entre les classes sociales, la Chine est aujourd'hui pacifique et prosp\u00e8re, mais il y a encore beaucoup de crises potentielles, la seule fa\u00e7on d'atteindre l'objectif initial, a soulign\u00e9 le secr\u00e9taire g\u00e9n\u00e9ral Xi, est de ne pas oublier l'objectif initial, le pays peut \u00eatre stable et s\u00fbr.<span>&nbsp;&nbsp; &nbsp; <\/span>\n<\/p>\n<p class=\"MsoNormal\" style=\"text-indent:2em;\">\n\t<span>&nbsp;<\/span>\n<\/p>\n<p class=\"MsoNormal\" style=\"text-indent:2em;\">\n\t<span>&nbsp; &nbsp;<\/span>Sur le plan ext\u00e9rieur, ce coup d'\u00c9tat turc ne sera jamais le dernier, et les troubles civils surviennent parce que de nombreux d\u00e9saccords int\u00e9rieurs et la r\u00e9pression se sont d\u00e9j\u00e0 accumul\u00e9s, et la r\u00e9pression ne r\u00e9soudra pas les probl\u00e8mes fondamentaux, mais favorisera plut\u00f4t l'intensification des conflits, ce qui est la m\u00eame raison pour laquelle plus les terroristes sont combattus, plus ils sont d\u00e9couverts.<span>&nbsp;&nbsp; &nbsp; <\/span>\n<\/p>\n<p class=\"MsoNormal\" style=\"text-indent:2em;\">\n\t<span>&nbsp;<\/span>\n<\/p>\n<p class=\"MsoNormal\" style=\"text-indent:2em;\">\n\t<span>&nbsp; &nbsp;<\/span>La Chine devrait encourager activement la Turquie \u00e0 r\u00e9soudre ses affaires internes. Le maintien de l'harmonie et de la stabilit\u00e9 en Turquie est conforme aux positions et aux int\u00e9r\u00eats de toutes les parties dans le monde. En outre, bien qu'Erdogan ait r\u00e9ussi \u00e0 g\u00e9rer les probl\u00e8mes du pays, il semble actuellement particuli\u00e8rement radical dans l'acc\u00e9l\u00e9ration de l'islamisation, apr\u00e8s s'\u00eatre personnellement prononc\u00e9 sur l'ing\u00e9rence dans la famille islamique, comme les questions de procr\u00e9ation et de mariage, ce qui est un signe de non-respect des droits de l'homme fondamentaux.<span>&nbsp;&nbsp; &nbsp; &nbsp; <\/span>\n<\/p>\n<p class=\"MsoNormal\" style=\"text-indent:2em;\">\n\t<span>&nbsp;<\/span>\n<\/p>\n<p class=\"MsoNormal\" style=\"text-indent:2em;\">\n\t<span>&nbsp;<\/span>Une Turquie trop islamis\u00e9e n'est pas une bonne chose pour la Chine. Le pan-turquisme, qui menace la Chine, est susceptible de se d\u00e9velopper davantage et d'inciter les forces religieuses extr\u00e9mistes \u00e0 menacer la s\u00e9curit\u00e9 de la Chine, ce qui constitue une forme d'agression indirecte \u00e0 l'encontre de la Chine. La Chine devrait \u00e9galement saisir l'occasion et le test pour faire un bon geste par le biais d'un<span>21<\/span>Nous consulterons la Turquie et coop\u00e9rerons avec elle, en tant qu'\u00e9conomie \u00e9mergente, afin d'\u00e9changer des points de vue sur la mani\u00e8re de relever les d\u00e9fis de l'extr\u00e9misme, de pr\u00e9senter une nouvelle Chine \u00e0 la partie turque et de raconter une bonne histoire.<span>21<\/span>L'histoire du Xinjiang, la Chine au si\u00e8cle, un nouveau d\u00e9part pour la paix !<span>&nbsp;&nbsp; &nbsp; <\/span>\n<\/p>\n<p class=\"MsoNormal\" style=\"text-indent:2em;\">\n\t<span>&nbsp;<\/span>\n<\/p>\n<p class=\"MsoNormal\" style=\"text-indent:2em;\">\n\t<span>&nbsp; &nbsp;<\/span>Enfin, je voudrais faire quelques remarques personnelles : nous ne nous immis\u00e7ons pas dans les affaires int\u00e9rieures des autres pays et nous n'\u00e9valuons pas la situation actuelle de l'Union europ\u00e9enne.<span>\"<\/span>coup d'\u00c9tat<span>\"<\/span>Que ce soit bon ou mauvais, il suffit de dire que les rebelles turcs, apr\u00e8s avoir r\u00e9alis\u00e9 que le coup d'\u00c9tat avait \u00e9chou\u00e9, apr\u00e8s avoir vu un certain nombre de leurs camarades d\u00e9capit\u00e9s et tu\u00e9s par la population, et face \u00e0 la possibilit\u00e9 imminente de leur mort, n'ont toujours pas tir\u00e9 sur des innocents d\u00e9sarm\u00e9s pour se sortir de la guerre ; et ils n'ont pas fait avancer leurs chars face \u00e0 l'encerclement \u00e0 mains nues des gens du peuple. Je voudrais dire, quel que soit le camp du bien ou du mal, merci de ne pas avoir impliqu\u00e9 les gens du peuple dans la guerre.<a name=\"_GoBack\"><\/a>Un soldat.\n<\/p>\n<p style=\"text-indent:2em;\">\n\t<\/p>","protected":false},"excerpt":{"rendered":"<p>&nbsp;Alors que la France est encore sous le coup de la tr\u00e9pidation de la f\u00eate nationale, la m\u00eame<span class=\"excerpt-hellip\"> [...]<\/span><\/p>","protected":false},"author":1,"featured_media":0,"comment_status":"open","ping_status":"open","sticky":false,"template":"","format":"standard","meta":{"footnotes":""},"categories":[19],"tags":[],"class_list":["post-3663","post","type-post","status-publish","format-standard","hentry","category-current-politics"],"_links":{"self":[{"href":"https:\/\/www.yzzks.com\/fr\/wp-json\/wp\/v2\/posts\/3663","targetHints":{"allow":["GET"]}}],"collection":[{"href":"https:\/\/www.yzzks.com\/fr\/wp-json\/wp\/v2\/posts"}],"about":[{"href":"https:\/\/www.yzzks.com\/fr\/wp-json\/wp\/v2\/types\/post"}],"author":[{"embeddable":true,"href":"https:\/\/www.yzzks.com\/fr\/wp-json\/wp\/v2\/users\/1"}],"replies":[{"embeddable":true,"href":"https:\/\/www.yzzks.com\/fr\/wp-json\/wp\/v2\/comments?post=3663"}],"version-history":[{"count":1,"href":"https:\/\/www.yzzks.com\/fr\/wp-json\/wp\/v2\/posts\/3663\/revisions"}],"predecessor-version":[{"id":8092,"href":"https:\/\/www.yzzks.com\/fr\/wp-json\/wp\/v2\/posts\/3663\/revisions\/8092"}],"wp:attachment":[{"href":"https:\/\/www.yzzks.com\/fr\/wp-json\/wp\/v2\/media?parent=3663"}],"wp:term":[{"taxonomy":"category","embeddable":true,"href":"https:\/\/www.yzzks.com\/fr\/wp-json\/wp\/v2\/categories?post=3663"},{"taxonomy":"post_tag","embeddable":true,"href":"https:\/\/www.yzzks.com\/fr\/wp-json\/wp\/v2\/tags?post=3663"}],"curies":[{"name":"wp","href":"https:\/\/api.w.org\/{rel}","templated":true}]}}