{"id":3729,"date":"2023-07-07T21:25:03","date_gmt":"2023-07-07T13:25:03","guid":{"rendered":"http:\/\/yzzks.com\/index.php\/2023\/07\/07\/%e4%ba%9a%e6%b4%b2%e5%90%84%e5%9b%bd%e5%a6%82%e4%bd%95%e5%ba%86%e7%a5%9d%e5%9b%bd%e5%ba%86%e8%8a%82\/"},"modified":"2024-03-15T10:20:12","modified_gmt":"2024-03-15T02:20:12","slug":"%e4%ba%9a%e6%b4%b2%e5%90%84%e5%9b%bd%e5%a6%82%e4%bd%95%e5%ba%86%e7%a5%9d%e5%9b%bd%e5%ba%86%e8%8a%82","status":"publish","type":"post","link":"https:\/\/www.yzzks.com\/fr\/fashion\/3729\/","title":{"rendered":"Comment les pays asiatiques c\u00e9l\u00e8brent-ils la f\u00eate nationale ?"},"content":{"rendered":"<p class=\"MsoNormal\" align=\"justify\" style=\"text-align:justify;text-indent:2em;\">\n\t\n<\/p>\n<p class=\"p\" style=\"margin-left:0pt;text-indent:2em;\">\n\tMajorit\u00e9 en Asie<span>Le pays c\u00e9l\u00e8bre sa f\u00eate nationale par toute une s\u00e9rie d'\u00e9v\u00e9nements.<\/span>--D\u00e9fil\u00e9s militaires, chars, places, feux d'artifice, spectacles a\u00e9riens, foules joyeuses, drapeaux flottants ...... Ces \u00e9l\u00e9ments de c\u00e9l\u00e9bration, solennels ou chaleureux, sont devenus des souvenirs visuels inoubliables de la \"f\u00eate nationale\". Le souvenir visuel. Qu'il s'agisse d'un grand d\u00e9fil\u00e9 militaire ou d'un petit drapeau peint sur la joue, ils expriment l'amour de la patrie et le respect de l'histoire. Quelles sont donc les coutumes et les particularit\u00e9s de ces pays asiatiques en mati\u00e8re de c\u00e9l\u00e9bration de la f\u00eate nationale ?\n<\/p>\n<p class=\"MsoNormal\" align=\"justify\" style=\"text-align:justify;text-indent:2em;\">\n\t\n<\/p>\n<p class=\"p\" align=\"center\" style=\"margin-left:0pt;text-align:center;text-indent:2em;\">\n\t<b>Cor\u00e9e du Sud (R\u00e9publique de Cor\u00e9e)<\/b>\n<\/p>\n<p class=\"p\" align=\"center\" style=\"margin-left:0pt;text-align:center;text-indent:2em;\">\n\t<b><br \/>\n<\/b>\n<\/p>\n<p class=\"p\" style=\"margin-left:0pt;text-indent:2em;\">\n\t<span> La Cor\u00e9e se distingue des autres pays par<\/span>Quatre journ\u00e9es nationales : le 1er mars, qui comm\u00e9more la naissance du Mouvement de la Trinit\u00e9, n\u00e9 de la r\u00e9sistance \u00e0 l'imp\u00e9rialisme japonais ; le 17 juillet, qui comm\u00e9more la promulgation de la Constitution de 1948 de la R\u00e9publique de Cor\u00e9e ; le 15 ao\u00fbt, qui comm\u00e9more le retour de la Cor\u00e9e au pouvoir national apr\u00e8s l'oppression japonaise et l'\u00e9tablissement du gouvernement de la R\u00e9publique de Cor\u00e9e en 1948 ; et le 3 octobre, qui comm\u00e9more l'\u00e9tablissement du gouvernement de la R\u00e9publique de Cor\u00e9e. \"Le 17 juillet, le festival comm\u00e9more la promulgation de la Constitution de la R\u00e9publique de Cor\u00e9e en 1948, le 15 ao\u00fbt, l'\u00e9tablissement du gouvernement de la R\u00e9publique de Cor\u00e9e en 1948, et le 3 octobre, la fondation du premier \u00c9tat-nation par le fondateur de la nation, Tangun, en 2333 avant J\u00e9sus-Christ. \"Le festival comm\u00e9more la fondation de la R\u00e9publique de Cor\u00e9e en 1948, et le 3 octobre, il comm\u00e9more la fondation du premier \u00c9tat-nation de Tangun Joseon par le fondateur de la nation, Tangun. Le jour de Gwangmu, c\u00e9l\u00e9br\u00e9 le 15 ao\u00fbt, est le plus important des quatre jours f\u00e9ri\u00e9s nationaux.\n<\/p>\n<p class=\"p\" style=\"margin-left:0pt;text-indent:2em;\">\n\t\n<\/p>\n<p class=\"p\" style=\"margin-left:0pt;text-indent:2em;\">\n\t<span> Il a \u00e9t\u00e9 rapport\u00e9 que chaque jour de f\u00eate nationale, un drapeau de taiji flottant peut \u00eatre vu dans les rues et les ruelles de n'importe quelle ville de Cor\u00e9e du Sud. Les Cor\u00e9ens organisent \u00e9galement souvent des d\u00e9fil\u00e9s ou des r\u00e9unions comm\u00e9moratives \u00e0 l'occasion des f\u00eates nationales, distribuant des tracts dans les rues ou sur les places, brandissant le drapeau national et scandant des chants.<\/span>\"Longue vie \u00e0 la R\u00e9publique de Cor\u00e9e\". Outre les drapeaux de taiji que l'on peut voir partout, on peut \u00e9galement assister \u00e0 une parade bond\u00e9e. C'est peut-\u00eatre le jour o\u00f9 le peuple cor\u00e9en montre le plus son patriotisme.\n<\/p>\n<p class=\"p\" style=\"margin-left:0pt;text-indent:2em;\">\n\t\n<\/p>\n<p class=\"p\" style=\"margin-left:0pt;text-indent:2em;\">\n<p class=\"MsoNormal\" align=\"justify\" style=\"text-align:justify;text-indent:2em;\">\n\t\n<\/p>\n<p class=\"p\" align=\"center\" style=\"margin-left:0pt;text-align:center;text-indent:2em;\">\n\t<b>Singapourien<\/b>\n<\/p>\n<p class=\"p\" align=\"center\" style=\"margin-left:0pt;text-align:center;text-indent:2em;\">\n\t<b><br \/>\n<\/b>\n<\/p>\n<p class=\"p\" style=\"margin-left:0pt;text-indent:2em;\">\n\t<span> \u00e0 chaque fois<\/span>Le 9 ao\u00fbt, Singapour c\u00e9l\u00e8bre sa f\u00eate nationale avec un d\u00e9fil\u00e9 de la f\u00eate nationale. Il y a \u00e9galement une parade de la f\u00eate nationale avec des avions de chasse et des parachutes. Lorsque le pr\u00e9sident a pass\u00e9 en revue la garde d'honneur, 3 chasseurs f-16 Falcon, 6 chasseurs f-5s\/t et 5 chasseurs a-4su Super Skyhawk, soit un total de 14 chasseurs dispos\u00e9s en forme de cinq \u00e9toiles et de croissant, ont survol\u00e9 le d\u00e9fil\u00e9, la formation ressemblant au croissant \u00e0 cinq \u00e9toiles du drapeau national. Apr\u00e8s le passage de l'\u00e9quipe d'infanterie devant la tribune, les 14 chasseurs en formation cinq \u00e9toiles et lune incurv\u00e9e ont survol\u00e9 trois avions militaires : un avion de transport C-130 Hercules, un avion de d\u00e9tection lointaine E-2C Hawkeye et un avion de patrouille maritime Fokker 50. Ensuite, sept h\u00e9licopt\u00e8res, dont des Cherokees, des Super Pumas et des UH-1H, ont effectu\u00e9 un survol en formation en v.\n<\/p>\n<p class=\"p\" style=\"margin-left:0pt;text-indent:2em;\">\n\t\n<\/p>\n<p class=\"p\" style=\"margin-left:0pt;text-indent:2em;\">\n\t<span> Apr\u00e8s le passage de l'h\u00e9licopt\u00e8re, il s'en est suivi une vue \u00e9poustouflante vers le haut, par l'h\u00e9licopt\u00e8re de l'Union europ\u00e9enne.<\/span>Cinq commandos des forces arm\u00e9es ont pr\u00e9sent\u00e9 un saut en parachute \u00e0 partir d'un avion de transport Hercules \u00e0 une altitude de 1 500 m\u00e8tres, chacun d'entre eux portant 40 kilogrammes d'\u00e9quipement, qui a \u00e9t\u00e9 d\u00e9fi\u00e9 par les gratte-ciel entourant le palais du gouvernement.\n<\/p>\n<p class=\"p\" style=\"margin-left:0pt;text-indent:2em;\">\n\t\n<\/p>\n<p class=\"p\" align=\"center\" style=\"margin-left:0pt;text-align:center;text-indent:2em;\">\n\t<b>Dynastie cor\u00e9enne Joseon ou Chosun 1392-1910<\/b>\n<\/p>\n<p class=\"p\" align=\"center\" style=\"margin-left:0pt;text-align:center;text-indent:2em;\">\n\t<b><br \/>\n<\/b>\n<\/p>\n<p class=\"p\" style=\"margin-left:0pt;text-indent:2em;\">\n\t<span> <\/span>L'anniversaire de la fondation de la R\u00e9publique populaire d\u00e9mocratique de Cor\u00e9e a lieu le 9 septembre. \u00c0 la veille de la f\u00eate nationale, des drapeaux nationaux ont \u00e9t\u00e9 plant\u00e9s dans toutes les rues et ruelles de Pyongyang, et des banni\u00e8res g\u00e9antes se dressent sur les principaux axes de circulation de la ville.\n<\/p>\n<p class=\"p\" style=\"margin-left:0pt;text-indent:2em;\">\n\t\n<\/p>\n<p class=\"p\" style=\"margin-left:0pt;text-indent:2em;\">\n\tChaque ann\u00e9e, \u00e0 l'occasion de la f\u00eate nationale, la RPDC organise g\u00e9n\u00e9ralement une grande parade militaire et une procession, et une s\u00e9rie d'activit\u00e9s telles qu'une grande parade militaire, une procession de masse et une procession aux flambeaux sont organis\u00e9es sur la place Kim Il Sung, dans le centre de Pyongyang.\n<\/p>\n<p class=\"p\" style=\"margin-left:0pt;text-indent:2em;\">\n\t\n<\/p>\n<p class=\"p\" style=\"margin-left:0pt;text-indent:2em;\">\n\tLe matin, des drapeaux color\u00e9s ont \u00e9t\u00e9 d\u00e9ploy\u00e9s autour de la place Kim Il Sung, et les citoyens de Pyongyang v\u00eatus de costumes de f\u00eate \u00e9taient comme une mar\u00e9e. Au milieu d'une musique majestueuse, pr\u00e8s de 10 000 soldats, dont la colonne du drapeau du chef de l'Arm\u00e9e populaire, les colonnes des universit\u00e9s militaires de l'Arm\u00e9e populaire, les colonnes de l'arm\u00e9e de terre, de la marine et de l'arm\u00e9e de l'air, et les colonnes de l'Acad\u00e9mie r\u00e9volutionnaire, d\u00e9fileront devant l'estrade du Pr\u00e9sident. Ensuite, des centaines de milliers de personnes de tous horizons \u00e0 Pyongyang passeront devant le podium, entour\u00e9es de statues du Leader, de v\u00e9hicules color\u00e9s et de pancartes. Dans la soir\u00e9e, de jeunes \u00e9tudiants de Pyongyang ont organis\u00e9 une procession aux flambeaux et une f\u00eate sur la place Kim Il Sung.\n<\/p>\n<p class=\"p\" style=\"margin-left:0pt;text-indent:2em;\">\n\t\n<\/p>\n<p class=\"p\" align=\"center\" style=\"margin-left:0pt;text-align:center;text-indent:2em;\">\n\t<b>Vietnam<\/b>\n<\/p>\n<p class=\"p\" align=\"center\" style=\"margin-left:0pt;text-align:center;text-indent:2em;\">\n\t<b><br \/>\n<\/b>\n<\/p>\n<p class=\"p\" style=\"margin-left:0pt;text-indent:2em;\">\n\t<span> \u00c0 l'occasion de la f\u00eate nationale du Vi\u00eat Nam, le Vi\u00eat Nam<\/span>La f\u00eate nationale du 2 septembre est c\u00e9l\u00e9br\u00e9e dans la capitale, Hanoi, par de grands rassemblements, des d\u00e9fil\u00e9s militaires et des processions. Avant le jour f\u00e9ri\u00e9, le gouvernement vietnamien enverra une circulaire aux comit\u00e9s populaires de toutes les provinces et villes afin qu'ils prennent des dispositions sp\u00e9cifiques pour les c\u00e9l\u00e9brations de la f\u00eate nationale. En g\u00e9n\u00e9ral, des rassemblements, des d\u00e9fil\u00e9s militaires et des processions sont organis\u00e9s dans la capitale, Hanoi, et les c\u00e9l\u00e9brations sont retransmises en direct \u00e0 la t\u00e9l\u00e9vision et \u00e0 la radio. Le soir du 2 septembre, des feux d'artifice sont tir\u00e9s \u00e0 Hanoi, Hai Phong, Hue, Dien Bien Phu, Tan Chieu, Bang My Thu, Da Nang, Can Tho et Ho Chi Minh-Ville.\n<\/p>\n<p class=\"p\" style=\"margin-left:0pt;text-indent:2em;\">\n\t\n<\/p>\n<p class=\"p\" style=\"margin-left:0pt;text-indent:2em;\">\n\t<span> Conform\u00e9ment \u00e0 l'esprit de la circulaire du gouvernement, tous les d\u00e9partements gouvernementaux, les provinces, les villes et les localit\u00e9s sont tenus d'organiser des c\u00e9l\u00e9brations pratiques, en les associant \u00e0 des concours patriotiques, au d\u00e9veloppement \u00e9conomique et \u00e0 la lutte contre la pauvret\u00e9. Diverses activit\u00e9s culturelles et sportives sont organis\u00e9es dans les localit\u00e9s en fonction des conditions sp\u00e9cifiques et selon le principe de l'\u00e9conomie et de la s\u00e9curit\u00e9.<\/span>\n<\/p>\n<p class=\"p\" align=\"center\" style=\"margin-left:0pt;text-align:center;text-indent:2em;\">\n\t<b><br \/>\n<\/b>\n<\/p>\n<p class=\"p\" align=\"center\" style=\"margin-left:0pt;text-align:center;text-indent:2em;\">\n\t<b>Inde<\/b>\n<\/p>\n<p class=\"p\" align=\"center\" style=\"margin-left:0pt;text-align:center;text-indent:2em;\">\n\t<b><br \/>\n<\/b>\n<\/p>\n<p class=\"p\" style=\"margin-left:0pt;text-indent:2em;\">\n\t<span> Le Jour de la R\u00e9publique est l'un des festivals les plus color\u00e9s de l'Inde. Il est c\u00e9l\u00e9br\u00e9 selon le calendrier gr\u00e9gorien le<\/span>Le 26 janvier a \u00e9t\u00e9 c\u00e9l\u00e9br\u00e9 en 1929 comme le Jour de l'Ind\u00e9pendance par le Parti du Congr\u00e8s, le plus ancien parti politique de l'Inde, lors de sa convention annuelle. Il a \u00e9t\u00e9 officiellement d\u00e9clar\u00e9 jour f\u00e9ri\u00e9 le 15 ao\u00fbt 1947, apr\u00e8s la d\u00e9claration officielle de l'ind\u00e9pendance de l'Inde, et a pris une importance encore plus grande en 1950, lorsque la Constitution r\u00e9publicaine a \u00e9t\u00e9 promulgu\u00e9e. Chaque ann\u00e9e, le 26 janvier, des personnes venues de toute l'Inde se rassemblent \u00e0 New Delhi, devant la place du palais pr\u00e9sidentiel d\u00e9cor\u00e9e de lumi\u00e8res, pour organiser un puissant d\u00e9fil\u00e9. Les principales activit\u00e9s comprennent des d\u00e9fil\u00e9s, des danses, des discours, etc. Un d\u00e9fil\u00e9 de tambours est organis\u00e9 le 29 janvier sur l'avenue de la Souverainet\u00e9 pour marquer la fin des c\u00e9l\u00e9brations.\n<\/p>\n<p class=\"p\" style=\"margin-left:0pt;text-indent:2em;\">\n\t\n<\/p>\n<p class=\"p\" align=\"center\" style=\"margin-left:0pt;text-align:center;text-indent:2em;\">\n\t<b>Tha\u00eflande<\/b>\n<\/p>\n<p class=\"p\" align=\"center\" style=\"margin-left:0pt;text-align:center;text-indent:2em;\">\n\t<b><br \/>\n<\/b>\n<\/p>\n<p class=\"p\" style=\"margin-left:0pt;text-indent:2em;\">\n\t<span> Le roi jouissant du statut supr\u00eame en Tha\u00eflande, la f\u00eate nationale tha\u00eflandaise est \u00e9galement c\u00e9l\u00e9br\u00e9e \u00e0 l'occasion de l'anniversaire du roi Bhumibol.<\/span>-L'anniversaire du roi Bhumibol Adulyadej, le 5 d\u00e9cembre, est \u00e9galement la f\u00eate des p\u00e8res en Tha\u00eflande. \u00c0 l'occasion de l'anniversaire du roi, des portraits du roi Bhumibol Adulyadej et de la reine Sirikit sont accroch\u00e9s dans les rues de Bangkok. Au m\u00eame moment, les soldats tha\u00eflandais en uniforme prennent part \u00e0 une grande parade militaire sur la place du Cheval de cuivre de Bangkok.\n<\/p>\n<p class=\"MsoNormal\" align=\"justify\" style=\"text-align:center;text-indent:2em;\">\n\t<b><br \/>\n<\/b>\n<\/p>\n<p class=\"MsoNormal\" align=\"justify\" style=\"text-align:left;text-indent:2em;\">\n\t<b><br \/>\n<\/b>\n<\/p>\n<p class=\"MsoNormal\" align=\"justify\" style=\"text-align:center;text-indent:2em;\">\n\t<b><br \/>\n<\/b>\n<\/p>\n<p class=\"MsoNormal\" align=\"justify\" style=\"text-align:center;text-indent:2em;\">\n\t<b>Japonais<\/b><b><\/b>\n<\/p>\n<p class=\"MsoNormal\" align=\"justify\" style=\"text-align:justify;text-indent:2em;\">\n\t\n<\/p>\n<p class=\"MsoNormal\" align=\"justify\" style=\"text-align:justify;text-indent:2em;\">\n\tLe 11 f\u00e9vrier est le jour de la fondation du Japon, les Japonais n'ont pas d'activit\u00e9s sp\u00e9ciales, mais il est \u00e9vident que les drapeaux du soleil sont accroch\u00e9s partout. Les Japonais, qui ont plus d'un jour de cong\u00e9 \u00e0 l'ext\u00e9rieur, choisissent g\u00e9n\u00e9ralement ce jour-l\u00e0 de voyager en plein air, en voiture, au Japon, pendant la journ\u00e9e de travail, en dehors des jours de repos et des vacances. La famille a une voiture, quand les montagnes sont pleines de voitures partout. Les voyages de vacances au Japon sont particuli\u00e8rement chauds, tant que les \"jours rouges\" (doubles vacances et vacances appel\u00e9es) les h\u00f4tels doivent \u00eatre tr\u00e8s chers, la vitesse doit \u00eatre tr\u00e8s congestionn\u00e9e, les restaurants doivent \u00eatre tr\u00e8s bond\u00e9s, les amis nationaux voyageant au Japon doivent \u00e9viter les jours rouges japonais, si vous rattrapez l'argent et puis plus que pas n\u00e9cessairement \u00eatre en mesure de r\u00e9server une chambre.\n<\/p>\n<p class=\"MsoNormal\" align=\"justify\" style=\"text-align:justify;text-indent:2em;\">\n\t\n<\/p>\n<p class=\"MsoNormal\" align=\"justify\" style=\"text-align:justify;text-indent:2em;\">\n\tOutre le tourisme familial, le Japon compte davantage d'amis qui voyagent, et la pr\u00e9valence du tourisme de couple homosexuel, qui n'est pas li\u00e9 \u00e0 l'individualisme japonais, fait que le gouvernement est contraint de cr\u00e9er un poste de ministre de l'absence d'enfants, sp\u00e9cifiquement pour appr\u00e9hender le probl\u00e8me de la fertilit\u00e9, et estime que les jeunes se marient pour fonder une famille et avoir des enfants. Quoi qu'il en soit, au Japon, les jeunes voyagent volontiers en couple, mangent en couple, sortent en bo\u00eete en couple et chantent en couple. Les voyages de vacances sont encore plus populaires.\n<\/p>\n<p class=\"MsoNormal\" align=\"justify\" style=\"text-align:justify;text-indent:2em;\">\n\t\n<\/p>\n<p style=\"text-indent:2em;\">\n\t<\/p>","protected":false},"excerpt":{"rendered":"<p>\u4e9a\u6d32\u7684\u591a\u6570\u56fd\u5bb6\u90fd\u4f1a\u5728\u56fd\u5e86\u65f6\u4e3e\u884c\u5404\u5f0f\u5404\u6837\u7684\u5e86\u795d\u6d3b\u52a8\u2014\u2014<span class=\"excerpt-hellip\"> [...]<\/span><\/p>","protected":false},"author":1,"featured_media":0,"comment_status":"open","ping_status":"open","sticky":false,"template":"","format":"standard","meta":{"footnotes":""},"categories":[15],"tags":[],"class_list":["post-3729","post","type-post","status-publish","format-standard","hentry","category-fashion"],"_links":{"self":[{"href":"https:\/\/www.yzzks.com\/fr\/wp-json\/wp\/v2\/posts\/3729","targetHints":{"allow":["GET"]}}],"collection":[{"href":"https:\/\/www.yzzks.com\/fr\/wp-json\/wp\/v2\/posts"}],"about":[{"href":"https:\/\/www.yzzks.com\/fr\/wp-json\/wp\/v2\/types\/post"}],"author":[{"embeddable":true,"href":"https:\/\/www.yzzks.com\/fr\/wp-json\/wp\/v2\/users\/1"}],"replies":[{"embeddable":true,"href":"https:\/\/www.yzzks.com\/fr\/wp-json\/wp\/v2\/comments?post=3729"}],"version-history":[{"count":2,"href":"https:\/\/www.yzzks.com\/fr\/wp-json\/wp\/v2\/posts\/3729\/revisions"}],"predecessor-version":[{"id":8031,"href":"https:\/\/www.yzzks.com\/fr\/wp-json\/wp\/v2\/posts\/3729\/revisions\/8031"}],"wp:attachment":[{"href":"https:\/\/www.yzzks.com\/fr\/wp-json\/wp\/v2\/media?parent=3729"}],"wp:term":[{"taxonomy":"category","embeddable":true,"href":"https:\/\/www.yzzks.com\/fr\/wp-json\/wp\/v2\/categories?post=3729"},{"taxonomy":"post_tag","embeddable":true,"href":"https:\/\/www.yzzks.com\/fr\/wp-json\/wp\/v2\/tags?post=3729"}],"curies":[{"name":"wp","href":"https:\/\/api.w.org\/{rel}","templated":true}]}}