{"id":3740,"date":"2023-07-07T21:25:03","date_gmt":"2023-07-07T13:25:03","guid":{"rendered":"http:\/\/yzzks.com\/index.php\/2023\/07\/07\/%e7%ac%ac%e5%8d%81%e5%85%ad%e5%b1%8a%e4%b8%ad%e5%9b%bd%e8%a5%bf%e9%83%a8%e5%9b%bd%e9%99%85%e5%8d%9a%e8%a7%88%e4%bc%9a%e5%9c%a8%e6%88%90%e9%83%bd%e7%9b%9b%e5%a4%a7%e5%90%af%e5%b9%95\/"},"modified":"2024-03-15T10:23:05","modified_gmt":"2024-03-15T02:23:05","slug":"%e7%ac%ac%e5%8d%81%e5%85%ad%e5%b1%8a%e4%b8%ad%e5%9b%bd%e8%a5%bf%e9%83%a8%e5%9b%bd%e9%99%85%e5%8d%9a%e8%a7%88%e4%bc%9a%e5%9c%a8%e6%88%90%e9%83%bd%e7%9b%9b%e5%a4%a7%e5%90%af%e5%b9%95","status":"publish","type":"post","link":"https:\/\/www.yzzks.com\/fr\/asia-wealth-forum\/3740\/","title":{"rendered":"La 16e exposition internationale de la Chine occidentale d\u00e9bute \u00e0 Chengdu"},"content":{"rendered":"<p style=\"text-align:center;text-indent:21.1pt;\">\n\t<b>Asia News Weekly (Reporter Tan Guoqi Liu Min Fu Pengsheng)<\/b><b>&nbsp;<\/b>\n<\/p>\n<p style=\"text-align:center;text-indent:21.1pt;\">\n\t<b><br \/>\n<\/b>\n<\/p>\n<p style=\"text-indent:21.1pt;\">\n\tNovembre<span>3<\/span>Le matin du<span>\"<\/span>Chine occidentale, Opportunit\u00e9s mondiales<span>\"<\/span>La c\u00e9r\u00e9monie d'ouverture de la seizi\u00e8me exposition internationale de la Chine occidentale et le huiti\u00e8me forum de coop\u00e9ration internationale de la Chine occidentale se sont tenus \u00e0 Chengdu. Le conseiller d'\u00c9tat Wang Yong a assist\u00e9 \u00e0 la c\u00e9r\u00e9monie d'ouverture et au forum et a prononc\u00e9 un discours. Pr\u00e9sident Alpha de la R\u00e9publique de Guin\u00e9e<span>-<\/span>M. Konrad Konrad, vice-chancelier et ministre f\u00e9d\u00e9ral de l'\u00e9conomie et de l'\u00e9nergie de l'Allemagne, M. Sigmund K\u00f6hler.<span>-<\/span>Gabriel, deuxi\u00e8me vice-pr\u00e9sident de l'Afghanistan Sarwar<span>-<\/span>Danois, Pr\u00e9sident Milorad de la Republika Srpska, BiH<span>-<\/span>Dodik, pr\u00e9sident de l'Union des producteurs de mati\u00e8res premi\u00e8res de Russie, ancien premier vice-premier ministre Oleg<span>-<\/span>M. Soskowitz et Zhang Yong, directeur adjoint de la Commission nationale pour le d\u00e9veloppement et la r\u00e9forme, ont assist\u00e9 \u00e0 la c\u00e9r\u00e9monie d'ouverture et au forum et ont prononc\u00e9 des discours d'ouverture.<span><\/span>\n<\/p>\n<p style=\"text-indent:21.1pt;\">\n\t\n<\/p>\n<p style=\"text-indent:21.1pt;\">\n<p style=\"text-indent:21.1pt;\">\n\t<strong>Discours de Wang Dongming, secr\u00e9taire du comit\u00e9 provincial du parti du Sichuan<\/strong>\n<\/p>\n<p style=\"text-indent:21.1pt;\">\n\t\n<\/p>\n<p style=\"text-indent:21.0pt;\">\n\tWang Dongming, directeur du comit\u00e9 d'organisation de l'exposition, secr\u00e9taire du comit\u00e9 du parti de la province du Sichuan et directeur du comit\u00e9 permanent de l'assembl\u00e9e populaire provinciale, a prononc\u00e9 un discours. Yin Li, directeur du comit\u00e9 d'organisation de l'exposition, secr\u00e9taire adjoint du comit\u00e9 du parti de la province du Sichuan et gouverneur de la province du Sichuan, a pr\u00e9sid\u00e9 la c\u00e9r\u00e9monie d'ouverture et le forum.<span><\/span>\n<\/p>\n<p style=\"text-indent:21.0pt;\">\n\t\n<\/p>\n<p style=\"text-indent:21.0pt;\">\n\tDans son discours d'ouverture, le conseiller d'\u00c9tat chinois Wang Yong a d\u00e9clar\u00e9 que l'exposition universelle jouait un r\u00f4le positif dans la promotion du d\u00e9veloppement \u00e9conomique mondial. \u00c0 l'heure actuelle, l'exposition est devenue une fen\u00eatre importante pour l'ouverture de la partie occidentale de la Chine et a jou\u00e9 un r\u00f4le positif dans la promotion du d\u00e9veloppement \u00e9conomique de la r\u00e9gion occidentale, de la Chine et m\u00eame du monde. Wang Yong a d\u00e9clar\u00e9 :<span>\"<\/span>Premi\u00e8rement, nous devons insister sur le d\u00e9veloppement. Nous insistons sur le d\u00e9veloppement en tant que plus grand d\u00e9nominateur commun de tous les pays, sur la construction, la discussion et le partage, sur la recherche de l'\u00e9galit\u00e9, sur la recherche du b\u00e9n\u00e9fice mutuel, sur le renforcement de l'interface entre les strat\u00e9gies de d\u00e9veloppement de chacun et sur la communication et la consultation politiques, et sur l'avancement de la coop\u00e9ration pragmatique entre nos pays et dans divers domaines. Parvenons \u00e0 un d\u00e9veloppement et \u00e0 une prosp\u00e9rit\u00e9 communs. Que<span>\"<\/span>La ceinture et la route<span>\"<\/span>Cela profitera davantage aux pays et aux populations situ\u00e9s le long de l'itin\u00e9raire. Deuxi\u00e8mement, nous nous concentrerons sur des domaines cl\u00e9s. Nous nous attacherons \u00e0 acc\u00e9l\u00e9rer la connectivit\u00e9 des infrastructures, le d\u00e9veloppement et l'utilisation des ressources \u00e9nerg\u00e9tiques. Nous nous concentrerons \u00e9galement sur la construction de projets strat\u00e9giques prioritaires tels que la coop\u00e9ration en mati\u00e8re de capacit\u00e9 de production et les zones de coop\u00e9ration \u00e9conomique, commerciale et industrielle. Toutes les parties concern\u00e9es devraient pouvoir b\u00e9n\u00e9ficier de ces projets le plus rapidement possible et obtenir des r\u00e9sultats tangibles.<span>\"<\/span>\n<\/p>\n<p style=\"text-indent:21.0pt;\">\n\t<span><br \/>\n<\/span>\n<\/p>\n<p style=\"text-indent:21.0pt;\">\n\t<span><br \/>\n<\/span>\n<\/p>\n<p style=\"text-indent:21.0pt;\">\n\t<span><strong>Discours de Wang Yong, Conseiller d'Etat de la R\u00e9publique populaire de Chine<\/strong><strong><\/strong><br \/>\n<\/span>\n<\/p>\n<p style=\"text-indent:21.0pt;\">\n\t\n<\/p>\n<p style=\"text-indent:21.0pt;\">\n\tWang Dongming, secr\u00e9taire du comit\u00e9 du parti de la province du Sichuan, a d\u00e9clar\u00e9 dans son discours que le Sichuan a montr\u00e9 un \u00e9norme potentiel de d\u00e9veloppement sans pr\u00e9c\u00e9dent et de brillantes perspectives de d\u00e9veloppement, ce qui offre \u00e9galement un large espace et une sc\u00e8ne aux pays et r\u00e9gions pour approfondir les \u00e9changes et la coop\u00e9ration avec le Sichuan, main dans la main pour promouvoir la coop\u00e9ration en mati\u00e8re d'infrastructure, acc\u00e9l\u00e9rer la promotion de la ligne de chemin de fer Chine-Union europ\u00e9enne, du chemin de fer express Rongzhou-Union europ\u00e9enne, de l'a\u00e9roport international de Chengdu Tianfu, des dix principaux chemins de fer \u00e0 grande vitesse, et d'autres constructions de voies ouvertes, et am\u00e9liorer efficacement le niveau de connectivit\u00e9 ! La coop\u00e9ration \u00e9conomique et commerciale, les efforts pour promouvoir la facilitation des marchandises, du commerce et des investissements, l'am\u00e9lioration du syst\u00e8me de promotion du commerce des services, la promotion des investissements \u00e9conomiques et commerciaux, l'am\u00e9lioration et la modernisation ; la promotion de la coop\u00e9ration industrielle haut de gamme, les efforts dans l'information \u00e9lectronique, la fabrication d'\u00e9quipements, l'a\u00e9rospatiale, le transport ferroviaire, les v\u00e9hicules \u00e0 \u00e9nergie nouvelle et d'autres domaines pour mettre en \u0153uvre un certain nombre de projets majeurs.<span><\/span>\n<\/p>\n<p style=\"text-indent:21.0pt;\">\n\t\n<\/p>\n<p style=\"text-indent:21.0pt;\">\n<p style=\"text-indent:21.0pt;\">\n\t<strong>Le vice-chancelier allemand et ministre f\u00e9d\u00e9ral de l'\u00e9conomie et de l'\u00e9nergie Sigmar ? Gabriel prononce un discours<\/strong><strong><\/strong>\n<\/p>\n<p style=\"text-indent:21.0pt;\">\n\t\n<\/p>\n<p style=\"text-indent:21.0pt;\">\n\tLe vice-chancelier allemand et ministre f\u00e9d\u00e9ral de l'\u00e9conomie et de l'\u00e9nergie Sigmar ? Gabriel a prononc\u00e9 un discours. Il a d\u00e9clar\u00e9 que la coop\u00e9ration entre la Chine et l'Allemagne \u00e9tait fructueuse depuis des d\u00e9cennies. Les villes de Sichuan et de Chengdu repr\u00e9sentent bien les r\u00e9alisations du d\u00e9veloppement de l'Ouest. L'ouverture de l'Ouest a permis \u00e0 la r\u00e9gion occidentale de compenser la diff\u00e9rence avec la r\u00e9gion c\u00f4ti\u00e8re, et les provinces, les r\u00e9gions autonomes et les municipalit\u00e9s de l'Ouest ont r\u00e9alis\u00e9 des progr\u00e8s remarquables en mati\u00e8re de d\u00e9veloppement. L'\u00e9conomie du Sichuan conna\u00eet une croissance rapide et repr\u00e9sente un pourcentage \u00e9lev\u00e9 de son produit int\u00e9rieur brut (PIB).<span>4%<\/span>La population du Sichuan est de<span>9000<\/span>Plus de dix mille personnes, soit une population comparable \u00e0 celle de l'Allemagne, c'est un chiffre impressionnant. De nombreuses entreprises allemandes sont actuellement implant\u00e9es dans le Sichuan et en Chine occidentale. Nous aimerions \u00e9galement profiter de l'occasion offerte par l'exposition de la Chine de l'Ouest pour continuer \u00e0 pr\u00e9senter les possibilit\u00e9s d'investissement et de d\u00e9veloppement dans le Sichuan.<span>80<\/span>Entreprises allemandes<span>300<\/span>Nous nous r\u00e9jouissons des possibilit\u00e9s offertes par les \u00e9changes de l'exposition. La participation de l'Allemagne \u00e0 l'exposition en tant qu'invit\u00e9 d'honneur nous offre une bonne occasion de d\u00e9velopper nos activit\u00e9s, d'am\u00e9liorer notre compr\u00e9hension de la Chine et de l'Allemagne, de nous faire de nouveaux amis et de d\u00e9velopper de nouvelles affaires.<span><\/span>\n<\/p>\n<p style=\"text-indent:21.0pt;\">\n\t\n<\/p>\n<p style=\"text-indent:21.0pt;\">\n<p style=\"text-indent:21.0pt;\">\n\t<strong>Le deuxi\u00e8me vice-pr\u00e9sident afghan Sarwar K. Dhanish prononce un discours Dhanish prononce un discours<\/strong><strong><\/strong>\n<\/p>\n<p style=\"text-indent:21.0pt;\">\n\t\n<\/p>\n<p class=\"MsoNormal\" style=\"text-indent:24.0pt;background:white;\">\n\tLe deuxi\u00e8me vice-pr\u00e9sident de l'Afghanistan, Sarwar K. Dhanish, a prononc\u00e9 un discours. Dhanish a prononc\u00e9 un discours. Il a d\u00e9clar\u00e9 qu'il s'agissait d'une bonne occasion de coop\u00e9rer pour construire un avenir meilleur et a remerci\u00e9 les dirigeants de la province du Sichuan et de la ville de Chengdu pour leur chaleureuse hospitalit\u00e9.\n<\/p>\n<p class=\"MsoNormal\" style=\"text-indent:24.0pt;background:white;\">\n\t\n<\/p>\n<p class=\"MsoNormal\" style=\"text-indent:24.0pt;background:white;\">\n\tLe Pr\u00e9sident de la Republika Srpska BiH, Allemagne, Milorad ? Dodik a prononc\u00e9 un discours. Il a d\u00e9clar\u00e9 que c'\u00e9tait un grand honneur pour lui de participer \u00e0 l'Expo \u00e0 l'invitation de M. Wang Dongming, secr\u00e9taire du comit\u00e9 du parti de la province du Sichuan, et de M. Yin Li, gouverneur de la province. Il a exprim\u00e9 ses sinc\u00e8res remerciements et ses f\u00e9licitations aux organisateurs de l'Expo occidentale. L'organisation de conf\u00e9rences internationales \u00e0 grande \u00e9chelle, comme celle de l'Expo occidentale, constitue une excellente plate-forme pour toutes les parties, qui peuvent ainsi rassembler leurs id\u00e9es et leur cr\u00e9ativit\u00e9. Elle permettra certainement de promouvoir les \u00e9changes et de r\u00e9duire les diff\u00e9rences entre la Chine et les pays d'Europe centrale et orientale.<span><\/span>\n<\/p>\n<p class=\"MsoNormal\" style=\"text-indent:24.0pt;background:white;\">\n\t\n<\/p>\n<p class=\"MsoNormal\" style=\"text-indent:24.0pt;background:white;\">\n<p class=\"MsoNormal\" style=\"text-indent:24.0pt;background:white;\">\n\t<strong>Le pr\u00e9sident de la Republika Srpska, Milorad Dodik, a prononc\u00e9 un discours en Allemagne. Discours de M. Dodik<\/strong>\n<\/p>\n<p class=\"MsoNormal\" style=\"text-indent:24.0pt;background:white;\">\n\t\n<\/p>\n<p class=\"MsoNormal\" style=\"text-indent:24.0pt;background:white;\">\n\tLe pr\u00e9sident de l'Union des producteurs de mati\u00e8res premi\u00e8res de Russie, ancien premier vice-premier ministre, Oleg Soskovets, a prononc\u00e9 un discours. Oleg Soskovets, ancien premier vice-premier ministre de Russie, a prononc\u00e9 un discours. Il a d\u00e9clar\u00e9 : \"C'est la quatri\u00e8me fois que je participe \u00e0 l'exposition et, \u00e0 chaque fois, je trouve un nouveau langage commun avec nos partenaires. Le partenariat strat\u00e9gique entre la Chine et la Russie et les relations entre les communaut\u00e9s d'affaires des deux pays ont fait de grands progr\u00e8s.<span><a href=\"http:\/\/gb.corp.163.com\/gb\/legal.html\"><\/a><\/span>\n<\/p>\n<p class=\"MsoNormal\" style=\"text-indent:24.0pt;background:white;\">\n\t\n<\/p>\n<p class=\"MsoNormal\" style=\"text-indent:24.0pt;background:white;\">\n<p class=\"MsoNormal\" style=\"text-indent:24.0pt;background:white;\">\n\t\n<\/p>\n<p style=\"text-indent:24.0pt;\">\n\tL'exposition de cette ann\u00e9e met l'accent sur les \u00e9l\u00e9ments de \"la Ceinture et la Route\", avec une section sp\u00e9ciale pour<span>3<\/span>Pavillon \"Une ceinture et une route\" et<span>1<\/span>Le pavillon \"Une ceinture, une route\" et de la coop\u00e9ration internationale a d\u00e9j\u00e0 \u00e9t\u00e9 ouvert.<span>27<\/span>L'exposition se tiendra au Chengdu Century City New Convention and Exhibition Centre. Cette ann\u00e9e, l'exposition se tiendra au Chengdu Century City New Convention and Exhibition Centre.<span>13<\/span>Le degr\u00e9 de sp\u00e9cialisation des pavillons est le plus \u00e9lev\u00e9 des \u00e9ditions pr\u00e9c\u00e9dentes de l'Expo ;<span>16<\/span>Le nombre de pavillons nationaux est le plus important de toutes les sessions de l'Expo, avec un total de 1 000 pavillons de<span>76<\/span>pays et territoires<span>9027<\/span>Les exposants sont activement impliqu\u00e9s.<span><\/span><\/p>","protected":false},"excerpt":{"rendered":"<p>\u4e9a\u6d32\u65b0\u95fb\u5468\u520a\u8baf\uff08\u8bb0\u8005 \u8c2d\u56fd\u68cb \u5218\u654f \u5085\u9e4f\u751f\uff09&#038;nbs<span class=\"excerpt-hellip\"> [...]<\/span><\/p>","protected":false},"author":1,"featured_media":0,"comment_status":"open","ping_status":"open","sticky":false,"template":"","format":"standard","meta":{"footnotes":""},"categories":[18],"tags":[],"class_list":["post-3740","post","type-post","status-publish","format-standard","hentry","category-asia-wealth-forum"],"_links":{"self":[{"href":"https:\/\/www.yzzks.com\/fr\/wp-json\/wp\/v2\/posts\/3740","targetHints":{"allow":["GET"]}}],"collection":[{"href":"https:\/\/www.yzzks.com\/fr\/wp-json\/wp\/v2\/posts"}],"about":[{"href":"https:\/\/www.yzzks.com\/fr\/wp-json\/wp\/v2\/types\/post"}],"author":[{"embeddable":true,"href":"https:\/\/www.yzzks.com\/fr\/wp-json\/wp\/v2\/users\/1"}],"replies":[{"embeddable":true,"href":"https:\/\/www.yzzks.com\/fr\/wp-json\/wp\/v2\/comments?post=3740"}],"version-history":[{"count":5,"href":"https:\/\/www.yzzks.com\/fr\/wp-json\/wp\/v2\/posts\/3740\/revisions"}],"predecessor-version":[{"id":8281,"href":"https:\/\/www.yzzks.com\/fr\/wp-json\/wp\/v2\/posts\/3740\/revisions\/8281"}],"wp:attachment":[{"href":"https:\/\/www.yzzks.com\/fr\/wp-json\/wp\/v2\/media?parent=3740"}],"wp:term":[{"taxonomy":"category","embeddable":true,"href":"https:\/\/www.yzzks.com\/fr\/wp-json\/wp\/v2\/categories?post=3740"},{"taxonomy":"post_tag","embeddable":true,"href":"https:\/\/www.yzzks.com\/fr\/wp-json\/wp\/v2\/tags?post=3740"}],"curies":[{"name":"wp","href":"https:\/\/api.w.org\/{rel}","templated":true}]}}