{"id":3849,"date":"2023-07-07T21:25:31","date_gmt":"2023-07-07T13:25:31","guid":{"rendered":"http:\/\/yzzks.com\/index.php\/2023\/07\/07\/%e4%b9%89%e4%b9%8c%e5%95%86%e5%9f%8e%e9%9b%86%e5%9b%a2%e9%ab%98%e5%b1%82%e8%90%bd%e7%8b%b1%e9%81%97%e7%95%99%e7%8c%ab%e8%85%bb%e5%a4%9a%e5%a4%9a%ef%bc%9f\/"},"modified":"2024-03-15T10:24:03","modified_gmt":"2024-03-15T02:24:03","slug":"%e4%b9%89%e4%b9%8c%e5%95%86%e5%9f%8e%e9%9b%86%e5%9b%a2%e9%ab%98%e5%b1%82%e8%90%bd%e7%8b%b1%e9%81%97%e7%95%99%e7%8c%ab%e8%85%bb%e5%a4%9a%e5%a4%9a%ef%bc%9f","status":"publish","type":"post","link":"https:\/\/www.yzzks.com\/fr\/economics\/3849\/","title":{"rendered":"Le directeur du Yiwu Mall Group emprisonn\u00e9 a laiss\u00e9 derri\u00e8re lui beaucoup de chats et de chiens ?"},"content":{"rendered":"<p class=\"MsoNormal\" style=\"text-indent:2em;\">\n\t\n<\/p>\n<p class=\"MsoNormal\" style=\"text-align:center;text-indent:2em;\">\n\t<b><\/b>\n<\/p>\n<p class=\"MsoNormal\" style=\"text-align:center;text-indent:2em;\">\n\t<b>Notre correspondant\/ He Feng<\/b>\n<\/p>\n<p class=\"MsoNormal\" style=\"text-align:center;text-indent:2em;\">\n\t\n<\/p>\n<p class=\"MsoNormal\" style=\"text-indent:2em;\">\n\t2017<span>1<\/span>Mois, le Journal a re\u00e7u des documents de plainte de Yiwu Small Commodity Group. A propos de la quatri\u00e8me branche de la ville du commerce international, le transfert de location de magasin de traitement in\u00e9quitable, derri\u00e8re ce qui est exactement cach\u00e9 derri\u00e8re les chats et les chiens et la solution retard\u00e9e, devrait attirer l'attention des d\u00e9partements concern\u00e9s.<span><\/span>\n<\/p>\n<p class=\"MsoNormal\" style=\"text-indent:2em;\">\n\t\n<\/p>\n<p class=\"MsoNormal\" style=\"text-indent:2em;\">\n\t2015<span>8<\/span>Ltd, l'ancien secr\u00e9taire du parti et pr\u00e9sident du conseil d'administration de Jin Fangping, soup\u00e7onn\u00e9 de d\u00e9lits de corruption, a fait l'objet d'une enqu\u00eate ; la m\u00eame ann\u00e9e, un certain nombre de fonctionnaires de niveau divisionnaire de Yiwu, soup\u00e7onn\u00e9s de corruption et d'autres probl\u00e8mes, ont fait l'objet d'une enqu\u00eate.<span><\/span>\n<\/p>\n<p class=\"MsoNormal\" style=\"text-indent:2em;\">\n\t\n<\/p>\n<p class=\"MsoNormal\" style=\"text-align:center;text-indent:2em;\">\n<p class=\"MsoNormal\" style=\"text-align:center;text-indent:2em;\">\n\t<strong><span style=\"color:#999999;\">Les commer\u00e7ants m\u00e9contents de l'injustice ont p\u00e9titionn\u00e9 devant l'h\u00f4tel de ville obligatoire.<\/span><\/strong>\n<\/p>\n<p class=\"MsoNormal\" style=\"text-indent:2em;\">\n\t\n<\/p>\n<p class=\"MsoNormal\" style=\"text-indent:2em;\">\n\tWu Senmin, ancien membre du comit\u00e9 permanent du comit\u00e9 municipal de Yiwu et directeur du bureau du comit\u00e9 municipal ; Wang Kuiming, ancien membre du comit\u00e9 permanent du comit\u00e9 municipal de Yiwu et vice-maire ex\u00e9cutif du comit\u00e9 municipal de Yiwu ; Wu Rongchuan, ancien vice-directeur du comit\u00e9 permanent de l'assembl\u00e9e populaire municipale de Yiwu ; et Jiang Lexiang, ancien directeur adjoint du bureau de la construction de Jinhua.<br \/>\nLa rumeur veut que le probl\u00e8me ait commenc\u00e9 avec Shou Jianhong<span>2015<\/span>nom Nian<span>2<\/span>lune<span>16<\/span>Le jour m\u00eame, la Commission d'inspection de la discipline l'a retir\u00e9 de la circulation. Le gouvernement de Yiwu \u00e9tait \u00e0 l'origine enclin \u00e0 laisser la Commodity City \u00eatre responsable du projet de Chengdu International Trade City. Mais en fin de compte, le projet a \u00e9t\u00e9 confi\u00e9 \u00e0 la propri\u00e9t\u00e9 de Shou Jianhong, Yixia, et il est rapport\u00e9 que la propri\u00e9t\u00e9 de Yixia n'a pas la force correspondante.<span><\/span>\n<\/p>\n<p class=\"MsoNormal\" style=\"text-indent:2em;\">\n\t\n<\/p>\n<p class=\"MsoNormal\" style=\"text-indent:2em;\">\n\tIl doit y avoir toutes sortes d'irr\u00e9gularit\u00e9s et de d\u00e9lits derri\u00e8re la distribution irr\u00e9guli\u00e8re des prestations.<span><\/span>\n<\/p>\n<p class=\"MsoNormal\" style=\"text-indent:2em;\">\n\t\n<\/p>\n<p class=\"MsoNormal\" style=\"text-indent:2em;\">\n\tAinsi.<span>2017<\/span>Ann\u00e9es, Yiwu march\u00e9 des petites marchandises tant de marchands groupes gouvernement p\u00e9tition de porte \u00e0 r\u00e9soudre, quel est le probl\u00e8me ? Derri\u00e8re cela, il y a des violations de la loi ?<span><\/span>\n<\/p>\n<p class=\"MsoNormal\" style=\"text-indent:2em;\">\n\t\n<\/p>\n<p class=\"MsoNormal\" style=\"text-indent:2em;\">\n\tIl s'est av\u00e9r\u00e9 que ce sont les locataires des \u00e9tals du march\u00e9 du quatri\u00e8me district de Zhejiang China Commodity City Group Co. Ltd. qui ont d\u00e9pos\u00e9 la plainte en raison de r\u00e8gles injustes et d\u00e9raisonnables et dans le contexte de la crise \u00e9conomique et commerciale.<span><\/span>\n<\/p>\n<p class=\"MsoNormal\" style=\"text-indent:2em;\">\n\t\n<\/p>\n<p class=\"MsoNormal\" style=\"text-indent:2em;\">\n\tIls ont fait valoir que, conform\u00e9ment \u00e0 l'accord d'utilisation payante de l'espace commercial de la ville de commerce international de Yiwu du<span>6.1<\/span>L'article stipule que : selon le \"Yiwu International Trade City, the right to use the business space transfer, subletting management regulations\" dans la direction de l'investissement dans la mise en \u0153uvre de la gestion du type d'espace commercial, l'espace commercial ne doit pas \u00eatre transf\u00e9r\u00e9, sous-lou\u00e9. Ils estiment que ces dispositions ne sont pas raisonnables, qu'elles pr\u00e9sentent de nombreux inconv\u00e9nients et qu'elles causent beaucoup de d\u00e9sagr\u00e9ments \u00e0 leurs locataires. Ils ont donc demand\u00e9 au gouvernement de la ville de modifier la nature de ce type d'espace commercial et de lui accorder un traitement \u00e9quitable.<span><\/span>\n<\/p>\n<p class=\"MsoNormal\" style=\"text-indent:2em;\">\n\t\n<\/p>\n<p class=\"MsoNormal\" style=\"text-indent:2em;\">\n\tSelon les commer\u00e7ants, ils sont tout d'abord originaires de<span>2009<\/span>Ils louent ces locaux commerciaux depuis huit ans et respectent scrupuleusement le contrat. En raison de la nature de ce type d'espace commercial, ils ne sont pas autoris\u00e9s \u00e0 contracter des pr\u00eats bancaires pour l'espace commercial, ni \u00e0 le sous-louer ou \u00e0 le transf\u00e9rer, et leur crise est laiss\u00e9e \u00e0 l'abandon, ce qui affecte gravement le travail et la vie de ces hommes d'affaires.<span><\/span>\n<\/p>\n<p class=\"MsoNormal\" style=\"text-indent:2em;\">\n\t\n<\/p>\n<p class=\"MsoNormal\" style=\"text-indent:22.0pt;\">\n\tDeuxi\u00e8mement, la Cit\u00e9 du commerce international, un district de stands d'investissement commercial, les stands du march\u00e9 de Huangyuan, ainsi que les cinq stands du district peuvent \u00eatre sous-lou\u00e9s ou transf\u00e9r\u00e9s, mais ce sont les quatre seules zones de stands qui, jusqu'\u00e0 pr\u00e9sent, ne peuvent pas \u00eatre sous-lou\u00e9es ou transf\u00e9r\u00e9es. C'est la cl\u00e9 du probl\u00e8me. Pourquoi le m\u00eame box fait-il l'objet d'un traitement diff\u00e9rent ? Y a-t-il quelque chose de louche ? Il est n\u00e9cessaire que les autorit\u00e9s concern\u00e9es m\u00e8nent une enqu\u00eate approfondie.\n<\/p>\n<p class=\"MsoNormal\" style=\"text-indent:22.0pt;\">\n\t<span><br \/>\n<\/span>\n<\/p>\n<p class=\"MsoNormal\" style=\"text-indent:22.0pt;\">\n\t<span>Il fut un temps o\u00f9 certains op\u00e9rateurs se rendaient au bureau du si\u00e8ge pour plaider en faveur d'une solution, mais le si\u00e8ge a recommenc\u00e9...<\/span><span style=\"line-height:1.5;\">La direction g\u00e9n\u00e9rale a dit qu'elle devait faire rapport au si\u00e8ge, les uns et les autres se d\u00e9robant \u00e0 la responsabilit\u00e9 de botter en touche, il y a maintenant plus de deux ans de cela.<\/span><span style=\"line-height:1.5;\">Il n'y a pas eu de r\u00e9ponse. Le cas du successeur, Zhu Min, ancien directeur g\u00e9n\u00e9ral du groupe, n'a pas fait l'objet d'une enqu\u00eate s\u00e9rieuse et n'a pas \u00e9t\u00e9 r\u00e9solu, m\u00eame apr\u00e8s sa promotion au poste de pr\u00e9sident du conseil d'administration.<\/span>\n<\/p>\n<p class=\"MsoNormal\" style=\"text-indent:22.0pt;\">\n\t<span style=\"line-height:1.5;\"><br \/>\n<\/span>\n<\/p>\n<p class=\"MsoNormal\" style=\"text-align:center;text-indent:22pt;\">\n\t<span style=\"line-height:1.5;\"><br \/>\n<\/span>\n<\/p>\n<p class=\"MsoNormal\" style=\"text-align:center;text-indent:22pt;\">\n\t<span style=\"line-height:1.5;\"><span><strong><span style=\"color:#999999;\">L'h\u00f4tel de ville des commer\u00e7ants r\u00e9clame l'\u00e9quit\u00e9 dans le traitement des probl\u00e8mes<\/span><\/strong><\/span><\/span>\n<\/p>\n<p class=\"MsoNormal\" style=\"text-indent:22.0pt;\">\n\t<span style=\"line-height:1.5;\"><span><\/span><br \/>\n<\/span>\n<\/p>\n<p class=\"MsoNormal\" style=\"text-indent:2em;\">\n\t<span><\/span>\n<\/p>\n<p class=\"MsoNormal\" style=\"text-indent:2em;\">\n\tEn 2017, lorsque le moment sera venu de renouveler les droits d'utilisation de votre espace commercial, les commer\u00e7ants qui ne paieront pas \u00e0 temps se verront retirer des points ou risqueront une reprise de l'espace s'ils sont en queue de file.<span><\/span>\n<\/p>\n<p class=\"MsoNormal\" style=\"text-indent:2em;\">\n\t\n<\/p>\n<p class=\"MsoNormal\" style=\"text-indent:2em;\">\n\tLes commer\u00e7ants ont fait remarquer que d'autres magasins \u00e9taient mieux situ\u00e9s qu'eux et qu'il n'y avait pas d'avantages fiscaux, alors pourquoi le co\u00fbt du renouvellement de la licence d'exploitation \u00e9tait-il plus \u00e9lev\u00e9 que celui d'autres \u00e9tals qui pouvaient \u00eatre sous-lou\u00e9s et transf\u00e9r\u00e9s ?<span>30%<\/span>Autour ? C'est manifestement injuste pour les commer\u00e7ants, l'espace commercial.<span><\/span>\n<\/p>\n<p class=\"MsoNormal\" style=\"text-indent:22.0pt;\">\n\t\n<\/p>\n<p class=\"MsoNormal\" style=\"text-indent:2em;\">\n\tTroisi\u00e8mement, chaque lot de nouveaux investissements dans les quatre quartiers affect\u00e9s \u00e0 l'espace commercial, ainsi que les preneurs \u00e0 bail de stands et de stands du march\u00e9 (les preneurs \u00e0 bail peuvent se voir attribuer de nouveaux stands apr\u00e8s deux ou trois ans) peuvent \u00eatre sous-lou\u00e9s et transf\u00e9r\u00e9s imm\u00e9diatement, ce qui est un reflet de l'\u00e9poque, mais aussi conforme \u00e0 la situation \u00e9conomique actuelle. Mais d'un autre c\u00f4t\u00e9, c'est particuli\u00e8rement injuste pour eux, les locataires d'origine.\n<\/p>\n<p class=\"MsoNormal\" style=\"text-indent:2em;\">\n\t\n<\/p>\n<p class=\"MsoNormal\" style=\"text-align:center;text-indent:2em;\">\n<p class=\"MsoNormal\" style=\"text-indent:2em;\">\n\t\n<\/p>\n<p class=\"MsoNormal\" style=\"text-indent:2em;\">\n\tIls sont l\u00e0 depuis huit ans et n'ont jamais b\u00e9n\u00e9fici\u00e9 d'une telle politique. D'autres locataires de magasins, en revanche, peuvent en b\u00e9n\u00e9ficier d\u00e8s qu'ils commencent \u00e0 louer. \u00c0 cet \u00e9gard, les locataires ont exig\u00e9 que les magasins b\u00e9n\u00e9ficient d'un traitement \u00e9quitable, qu'ils puissent sous-louer, transf\u00e9rer, hypoth\u00e9quer pour surmonter les difficult\u00e9s, mais la direction tarde \u00e0 r\u00e9soudre le probl\u00e8me, ne prend pas en compte les difficult\u00e9s des locataires, qui doivent \u00eatre cach\u00e9es dans l'indicible probl\u00e8me.<span><\/span>\n<\/p>\n<p class=\"MsoNormal\" style=\"text-indent:2em;\">\n\t\n<\/p>\n<p class=\"MsoNormal\" style=\"text-indent:2em;\">\n\tTout probl\u00e8me retard\u00e9 et non r\u00e9solu peut devenir une tumeur et conduire \u00e0 des probl\u00e8mes sociaux plus importants. Je ne sais pas si Yiwu Commodity City et les d\u00e9partements concern\u00e9s du gouvernement municipal pour saisir avec pr\u00e9cision les besoins de l'\u00e9poque dans la nouvelle situation, et vraiment pour rendre les gens satisfaits avec l'attitude de solutions s\u00e9rieuses pour aider les commer\u00e7ants \u00e0 travers les temps difficiles.<span> <\/span>\n<\/p>\n<p class=\"MsoNormal\" style=\"text-indent:2em;\">\n\t\n<\/p>\n<p class=\"MsoNormal\" style=\"text-indent:2em;\">\n\tCependant, le journaliste a appris que les locataires commerciaux venaient d'\u00eatre contraints de signer un nouvel accord, qui non seulement ne r\u00e9sout pas le probl\u00e8me, mais exige \u00e9galement que tous les p\u00e9titionnaires et ceux qui sont \u00e0 l'origine des troubles confisquent l'espace commercial.<span> <\/span><\/p>","protected":false},"excerpt":{"rendered":"<p>Notre correspondant\/ He Feng En janvier 2017, le Journal a re\u00e7u<span class=\"excerpt-hellip\"> [...]<\/span><\/p>","protected":false},"author":1,"featured_media":0,"comment_status":"open","ping_status":"open","sticky":false,"template":"","format":"standard","meta":{"footnotes":""},"categories":[13],"tags":[],"class_list":["post-3849","post","type-post","status-publish","format-standard","hentry","category-economics"],"_links":{"self":[{"href":"https:\/\/www.yzzks.com\/fr\/wp-json\/wp\/v2\/posts\/3849","targetHints":{"allow":["GET"]}}],"collection":[{"href":"https:\/\/www.yzzks.com\/fr\/wp-json\/wp\/v2\/posts"}],"about":[{"href":"https:\/\/www.yzzks.com\/fr\/wp-json\/wp\/v2\/types\/post"}],"author":[{"embeddable":true,"href":"https:\/\/www.yzzks.com\/fr\/wp-json\/wp\/v2\/users\/1"}],"replies":[{"embeddable":true,"href":"https:\/\/www.yzzks.com\/fr\/wp-json\/wp\/v2\/comments?post=3849"}],"version-history":[{"count":3,"href":"https:\/\/www.yzzks.com\/fr\/wp-json\/wp\/v2\/posts\/3849\/revisions"}],"predecessor-version":[{"id":8398,"href":"https:\/\/www.yzzks.com\/fr\/wp-json\/wp\/v2\/posts\/3849\/revisions\/8398"}],"wp:attachment":[{"href":"https:\/\/www.yzzks.com\/fr\/wp-json\/wp\/v2\/media?parent=3849"}],"wp:term":[{"taxonomy":"category","embeddable":true,"href":"https:\/\/www.yzzks.com\/fr\/wp-json\/wp\/v2\/categories?post=3849"},{"taxonomy":"post_tag","embeddable":true,"href":"https:\/\/www.yzzks.com\/fr\/wp-json\/wp\/v2\/tags?post=3849"}],"curies":[{"name":"wp","href":"https:\/\/api.w.org\/{rel}","templated":true}]}}