{"id":4690,"date":"2023-09-22T10:57:49","date_gmt":"2023-09-22T02:57:49","guid":{"rendered":"https:\/\/www.yzzks.com\/?p=4690"},"modified":"2023-09-22T10:59:42","modified_gmt":"2023-09-22T02:59:42","slug":"%e7%ad%91%e8%b5%b7%e4%b8%9c%e8%a5%bf%e9%83%a8%e6%a1%a5%e6%a2%81%e7%ba%bd%e5%b8%a6-%e5%80%be%e5%8a%9b%e5%8c%ba%e5%9f%9f%e7%bb%8f%e6%b5%8e%e9%ab%98%e8%b4%a8%e9%87%8f%e5%8f%91%e5%b1%95%e6%88%90","status":"publish","type":"post","link":"https:\/\/www.yzzks.com\/fr\/latest-news\/4690\/","title":{"rendered":"Inauguration officielle de la chambre de commerce de Chengdu Changchun dans la ville d'Hibiscus"},"content":{"rendered":"<p><strong>Ben Wang (Liu Heping Li Fei)<\/strong><\/p>\n\n\n\n<p>        Automne dor\u00e9 en septembre, le soleil brille, partout dans l'herbe prosp\u00e8re gloire du bois, fruits et melons, entrep\u00f4t de champ vert plein de peintures \u00e0 l'occasion de l'ann\u00e9e de l'abondance, l'apr\u00e8s-midi du 21 septembre, de Chengdu et de la ville de Changchun, les d\u00e9partements gouvernementaux pertinents responsables d'une partie des associations d'affaires et plus de 120 Chambre de commerce de Changchun \u00e0 travers le pays, tels que les unit\u00e9s et les entreprises et la communaut\u00e9 d'affaires de plus de 800 invit\u00e9s, se sont r\u00e9unis dans la ville de Chengdu, Chengdu City, Shuangliu District, la source du Centre de conf\u00e9rence, avec la garde d'honneur h\u00e9ro\u00efque et puissant PLA escortant le drapeau national sur la sc\u00e8ne et l'hymne national solennel, la Chambre de commerce de Changchun, Chengdu a \u00e9t\u00e9 officiellement inaugur\u00e9e dans la ville de Chengchun, Chengdu. Avec la majestueuse garde d'honneur de l'APL escortant le drapeau national sur la sc\u00e8ne et l'hymne national solennel, la Chambre de commerce de Changchun, Chengdu a \u00e9t\u00e9 officiellement inaugur\u00e9e dans la ville de Chengdu.<\/p>\n\n\n<div class=\"wp-block-image\">\n<figure class=\"aligncenter size-large\"><img decoding=\"async\" width=\"902\" height=\"1200\" src=\"https:\/\/yzzks.com\/wp-content\/uploads\/2023\/09\/\u56fe\u72471-1-902x1200.png\" alt=\"\" class=\"wp-image-4693\" srcset=\"https:\/\/www.yzzks.com\/wp-content\/uploads\/2023\/09\/\u56fe\u72471-1-902x1200.png 902w, https:\/\/www.yzzks.com\/wp-content\/uploads\/2023\/09\/\u56fe\u72471-1-376x500.png 376w, https:\/\/www.yzzks.com\/wp-content\/uploads\/2023\/09\/\u56fe\u72471-1-226x300.png 226w, https:\/\/www.yzzks.com\/wp-content\/uploads\/2023\/09\/\u56fe\u72471-1-768x1021.png 768w, https:\/\/www.yzzks.com\/wp-content\/uploads\/2023\/09\/\u56fe\u72471-1-9x12.png 9w, https:\/\/www.yzzks.com\/wp-content\/uploads\/2023\/09\/\u56fe\u72471-1-56x75.png 56w, https:\/\/www.yzzks.com\/wp-content\/uploads\/2023\/09\/\u56fe\u72471-1-480x638.png 480w\" sizes=\"(max-width:767px) 480px, (max-width:902px) 100vw, 902px\" \/><\/figure>\n<\/div>\n\n\n<p>        La Chambre de commerce de Chengdu Changchun est une initiative volontaire d'entrepreneurs priv\u00e9s bien connus de Chengdu, lanc\u00e9e par le Bureau des affaires civiles de Chengdu et approuv\u00e9e par la F\u00e9d\u00e9ration municipale de l'industrie et du commerce de Chengdu, en charge de la personnalit\u00e9 juridique et de l'\u00e9conomie locale des organisations de groupes sociaux. Ces derni\u00e8res ann\u00e9es, la chambre de commerce a mis en place une coop\u00e9ration \u00e9conomique et commerciale entre le nord-est et l'ouest du Sichuan et a encourag\u00e9 les entreprises priv\u00e9es de Changchun et de Chengdu \u00e0 apporter une contribution positive au d\u00e9veloppement du groupe.<\/p>\n\n\n<div class=\"wp-block-image\">\n<figure class=\"aligncenter size-large\"><img decoding=\"async\" width=\"1200\" height=\"798\" src=\"https:\/\/yzzks.com\/wp-content\/uploads\/2023\/09\/\u56fe\u72472-1200x798.png\" alt=\"\" class=\"wp-image-4695\" srcset=\"https:\/\/www.yzzks.com\/wp-content\/uploads\/2023\/09\/\u56fe\u72472-1200x798.png 1200w, https:\/\/www.yzzks.com\/wp-content\/uploads\/2023\/09\/\u56fe\u72472-500x333.png 500w, https:\/\/www.yzzks.com\/wp-content\/uploads\/2023\/09\/\u56fe\u72472-300x200.png 300w, https:\/\/www.yzzks.com\/wp-content\/uploads\/2023\/09\/\u56fe\u72472-768x511.png 768w, https:\/\/www.yzzks.com\/wp-content\/uploads\/2023\/09\/\u56fe\u72472-18x12.png 18w, https:\/\/www.yzzks.com\/wp-content\/uploads\/2023\/09\/\u56fe\u72472-113x75.png 113w, https:\/\/www.yzzks.com\/wp-content\/uploads\/2023\/09\/\u56fe\u72472-480x319.png 480w\" sizes=\"(max-width:767px) 480px, (max-width:1200px) 100vw, 1200px\" \/><\/figure>\n<\/div>\n\n<div class=\"wp-block-image\">\n<figure class=\"aligncenter size-large\"><img decoding=\"async\" width=\"1200\" height=\"798\" src=\"https:\/\/yzzks.com\/wp-content\/uploads\/2023\/09\/\u56fe\u72473-1200x798.png\" alt=\"\" class=\"wp-image-4697\" srcset=\"https:\/\/www.yzzks.com\/wp-content\/uploads\/2023\/09\/\u56fe\u72473-1200x798.png 1200w, https:\/\/www.yzzks.com\/wp-content\/uploads\/2023\/09\/\u56fe\u72473-500x333.png 500w, https:\/\/www.yzzks.com\/wp-content\/uploads\/2023\/09\/\u56fe\u72473-300x200.png 300w, https:\/\/www.yzzks.com\/wp-content\/uploads\/2023\/09\/\u56fe\u72473-768x511.png 768w, https:\/\/www.yzzks.com\/wp-content\/uploads\/2023\/09\/\u56fe\u72473-18x12.png 18w, https:\/\/www.yzzks.com\/wp-content\/uploads\/2023\/09\/\u56fe\u72473-113x75.png 113w, https:\/\/www.yzzks.com\/wp-content\/uploads\/2023\/09\/\u56fe\u72473-480x319.png 480w\" sizes=\"(max-width:767px) 480px, (max-width:1200px) 100vw, 1200px\" \/><\/figure>\n<\/div>\n\n\n<p>        Lors de la c\u00e9r\u00e9monie d'inauguration, le directeur adjoint du d\u00e9partement de gestion de l'organisation sociale du bureau des affaires civiles de Chengdu a d\u00e9clar\u00e9<strong>net Wei (jade rouge\u00e2tre)<\/strong>Lire le document du Bureau des affaires civiles de Chengdu approuvant l'\u00e9tablissement de la Chambre de commerce de Chengdu Changchun.<\/p>\n\n\n<div class=\"wp-block-image\">\n<figure class=\"aligncenter size-large\"><img decoding=\"async\" width=\"1200\" height=\"798\" src=\"https:\/\/yzzks.com\/wp-content\/uploads\/2023\/09\/\u56fe\u72474-1200x798.png\" alt=\"\" class=\"wp-image-4699\" srcset=\"https:\/\/www.yzzks.com\/wp-content\/uploads\/2023\/09\/\u56fe\u72474-1200x798.png 1200w, https:\/\/www.yzzks.com\/wp-content\/uploads\/2023\/09\/\u56fe\u72474-500x333.png 500w, https:\/\/www.yzzks.com\/wp-content\/uploads\/2023\/09\/\u56fe\u72474-300x200.png 300w, https:\/\/www.yzzks.com\/wp-content\/uploads\/2023\/09\/\u56fe\u72474-768x511.png 768w, https:\/\/www.yzzks.com\/wp-content\/uploads\/2023\/09\/\u56fe\u72474-18x12.png 18w, https:\/\/www.yzzks.com\/wp-content\/uploads\/2023\/09\/\u56fe\u72474-113x75.png 113w, https:\/\/www.yzzks.com\/wp-content\/uploads\/2023\/09\/\u56fe\u72474-480x319.png 480w\" sizes=\"(max-width:767px) 480px, (max-width:1200px) 100vw, 1200px\" \/><\/figure>\n<\/div>\n\n<div class=\"wp-block-image\">\n<figure class=\"aligncenter size-large\"><img decoding=\"async\" width=\"1200\" height=\"798\" src=\"https:\/\/yzzks.com\/wp-content\/uploads\/2023\/09\/\u56fe\u72475-1200x798.png\" alt=\"\" class=\"wp-image-4701\" srcset=\"https:\/\/www.yzzks.com\/wp-content\/uploads\/2023\/09\/\u56fe\u72475-1200x798.png 1200w, https:\/\/www.yzzks.com\/wp-content\/uploads\/2023\/09\/\u56fe\u72475-500x333.png 500w, https:\/\/www.yzzks.com\/wp-content\/uploads\/2023\/09\/\u56fe\u72475-300x200.png 300w, https:\/\/www.yzzks.com\/wp-content\/uploads\/2023\/09\/\u56fe\u72475-768x511.png 768w, https:\/\/www.yzzks.com\/wp-content\/uploads\/2023\/09\/\u56fe\u72475-18x12.png 18w, https:\/\/www.yzzks.com\/wp-content\/uploads\/2023\/09\/\u56fe\u72475-113x75.png 113w, https:\/\/www.yzzks.com\/wp-content\/uploads\/2023\/09\/\u56fe\u72475-480x319.png 480w\" sizes=\"(max-width:767px) 480px, (max-width:1200px) 100vw, 1200px\" \/><\/figure>\n<\/div>\n\n\n<p class=\"has-text-align-center\">        Vice-pr\u00e9sident de la Conf\u00e9rence consultative politique du peuple chinois (CCPPC) de Changchun, province de Jilin, participant \u00e0 la r\u00e9union inaugurale de la Chambre de commerce de Chengdu Changchun.<strong>Xue Wenge (1866-1946), dirigeant communiste chinois, martyr de la r\u00e9volution culturelle<\/strong>dans son discours<\/p>\n\n\n\n<figure class=\"wp-block-image size-large\"><img decoding=\"async\" width=\"1200\" height=\"798\" src=\"https:\/\/yzzks.com\/wp-content\/uploads\/2023\/09\/\u56fe\u72476-1200x798.png\" alt=\"\" class=\"wp-image-4703\" srcset=\"https:\/\/www.yzzks.com\/wp-content\/uploads\/2023\/09\/\u56fe\u72476-1200x798.png 1200w, https:\/\/www.yzzks.com\/wp-content\/uploads\/2023\/09\/\u56fe\u72476-500x333.png 500w, https:\/\/www.yzzks.com\/wp-content\/uploads\/2023\/09\/\u56fe\u72476-300x200.png 300w, https:\/\/www.yzzks.com\/wp-content\/uploads\/2023\/09\/\u56fe\u72476-768x511.png 768w, https:\/\/www.yzzks.com\/wp-content\/uploads\/2023\/09\/\u56fe\u72476-18x12.png 18w, https:\/\/www.yzzks.com\/wp-content\/uploads\/2023\/09\/\u56fe\u72476-113x75.png 113w, https:\/\/www.yzzks.com\/wp-content\/uploads\/2023\/09\/\u56fe\u72476-480x319.png 480w\" sizes=\"(max-width:767px) 480px, (max-width:1200px) 100vw, 1200px\" \/><\/figure>\n\n\n\n<p class=\"has-text-align-center\"><strong>Discours de Xue Wenge, vice-pr\u00e9sident du comit\u00e9 municipal de Changchun de la Conf\u00e9rence consultative politique du peuple chinois<\/strong><\/p>\n\n\n\n<p>        En comparant la situation et le niveau de d\u00e9veloppement \u00e9conomique entre la r\u00e9gion de Changchun et la r\u00e9gion de Chengdu, il a propos\u00e9, au nom du gouvernement municipal de Changchun, de cr\u00e9er une version 4.0 de la chambre de commerce de Chengdu Changchun afin d'ouvrir de nouveaux horizons pour un d\u00e9veloppement de qualit\u00e9 de la coop\u00e9ration \u00e9conomique entre les chambres de commerce des r\u00e9gions de l'est et de l'ouest.<\/p>\n\n\n\n<figure class=\"wp-block-image size-large\"><img decoding=\"async\" width=\"1200\" height=\"798\" src=\"https:\/\/yzzks.com\/wp-content\/uploads\/2023\/09\/\u56fe\u72477-1200x798.png\" alt=\"\" class=\"wp-image-4705\" srcset=\"https:\/\/www.yzzks.com\/wp-content\/uploads\/2023\/09\/\u56fe\u72477-1200x798.png 1200w, https:\/\/www.yzzks.com\/wp-content\/uploads\/2023\/09\/\u56fe\u72477-500x333.png 500w, https:\/\/www.yzzks.com\/wp-content\/uploads\/2023\/09\/\u56fe\u72477-300x200.png 300w, https:\/\/www.yzzks.com\/wp-content\/uploads\/2023\/09\/\u56fe\u72477-768x511.png 768w, https:\/\/www.yzzks.com\/wp-content\/uploads\/2023\/09\/\u56fe\u72477-18x12.png 18w, https:\/\/www.yzzks.com\/wp-content\/uploads\/2023\/09\/\u56fe\u72477-113x75.png 113w, https:\/\/www.yzzks.com\/wp-content\/uploads\/2023\/09\/\u56fe\u72477-480x319.png 480w\" sizes=\"(max-width:767px) 480px, (max-width:1200px) 100vw, 1200px\" \/><\/figure>\n\n\n\n<p class=\"has-text-align-center\"><strong>D\u00e9claration de He Wei, pr\u00e9sident de la Chambre de commerce de Chengdu Changchun<\/strong><\/p>\n\n\n\n<p>        Premier pr\u00e9sident de la Chambre de commerce de Chengdu Changchun<strong>quelle est la signification de<\/strong>Encourag\u00e9 par la c\u00e9r\u00e9monie d'inauguration, il a d\u00e9clar\u00e9 avec passion : \"Je suis profond\u00e9ment impressionn\u00e9 par la glorieuse mission et la grande responsabilit\u00e9 qui m'incombent. Dans mon travail futur, je travaillerai avec tous mes coll\u00e8gues de la Chambre, sous la direction des dirigeants \u00e0 tous les niveaux de Chengdu et de Changchun, pour renforcer et am\u00e9liorer continuellement la construction de la Chambre, pour promouvoir continuellement les \u00e9changes et la coop\u00e9ration entre les membres, pour am\u00e9liorer continuellement la contribution au d\u00e9veloppement \u00e9conomique des deux endroits, et pour faire de la Chambre une plate-forme de coop\u00e9ration et d'\u00e9changes qui a la confiance du gouvernement et sur laquelle les membres comptent\".<\/p>\n\n\n\n<figure class=\"wp-block-image size-large\"><img decoding=\"async\" width=\"1200\" height=\"798\" src=\"https:\/\/yzzks.com\/wp-content\/uploads\/2023\/09\/\u56fe\u72478-1200x798.png\" alt=\"\" class=\"wp-image-4707\" srcset=\"https:\/\/www.yzzks.com\/wp-content\/uploads\/2023\/09\/\u56fe\u72478-1200x798.png 1200w, https:\/\/www.yzzks.com\/wp-content\/uploads\/2023\/09\/\u56fe\u72478-500x333.png 500w, https:\/\/www.yzzks.com\/wp-content\/uploads\/2023\/09\/\u56fe\u72478-300x200.png 300w, https:\/\/www.yzzks.com\/wp-content\/uploads\/2023\/09\/\u56fe\u72478-768x511.png 768w, https:\/\/www.yzzks.com\/wp-content\/uploads\/2023\/09\/\u56fe\u72478-18x12.png 18w, https:\/\/www.yzzks.com\/wp-content\/uploads\/2023\/09\/\u56fe\u72478-113x75.png 113w, https:\/\/www.yzzks.com\/wp-content\/uploads\/2023\/09\/\u56fe\u72478-480x319.png 480w\" sizes=\"(max-width:767px) 480px, (max-width:1200px) 100vw, 1200px\" \/><\/figure>\n\n\n\n<p class=\"has-text-align-center\"><strong>Discours du repr\u00e9sentant des entrepreneurs Wang Zhongge<\/strong><\/p>\n\n\n\n<p>        Venez f\u00e9liciter le congr\u00e8s populaire de la ville de Changchun, le pr\u00e9sident de la chambre de commerce de Shenzhen Changchun, les meilleurs talents de la province de Jilin.<strong>Wang Zhongge (1935-), ministre chinois<\/strong><\/p>\n\n\n\n<figure class=\"wp-block-image size-large\"><img decoding=\"async\" width=\"1200\" height=\"798\" src=\"https:\/\/yzzks.com\/wp-content\/uploads\/2023\/09\/\u56fe\u72479-1200x798.png\" alt=\"\" class=\"wp-image-4709\" srcset=\"https:\/\/www.yzzks.com\/wp-content\/uploads\/2023\/09\/\u56fe\u72479-1200x798.png 1200w, https:\/\/www.yzzks.com\/wp-content\/uploads\/2023\/09\/\u56fe\u72479-500x333.png 500w, https:\/\/www.yzzks.com\/wp-content\/uploads\/2023\/09\/\u56fe\u72479-300x200.png 300w, https:\/\/www.yzzks.com\/wp-content\/uploads\/2023\/09\/\u56fe\u72479-768x511.png 768w, https:\/\/www.yzzks.com\/wp-content\/uploads\/2023\/09\/\u56fe\u72479-18x12.png 18w, https:\/\/www.yzzks.com\/wp-content\/uploads\/2023\/09\/\u56fe\u72479-113x75.png 113w, https:\/\/www.yzzks.com\/wp-content\/uploads\/2023\/09\/\u56fe\u72479-480x319.png 480w\" sizes=\"(max-width:767px) 480px, (max-width:1200px) 100vw, 1200px\" \/><\/figure>\n\n\n\n<p class=\"has-text-align-center\"><strong>Discours de Li Shudong, repr\u00e9sentant des entrepreneurs<\/strong><\/p>\n\n\n\n<p>        <strong>Pr\u00e9sident ex\u00e9cutif de Sichuan Jilin Business, pr\u00e9sident de Northern First Construction Group Co.<strong>Li Shudong (1932-), homme politique chinois<\/strong><\/strong><\/p>\n\n\n\n<figure class=\"wp-block-image size-large\"><img decoding=\"async\" width=\"1200\" height=\"798\" src=\"https:\/\/yzzks.com\/wp-content\/uploads\/2023\/09\/\u56fe\u724710-1200x798.png\" alt=\"\" class=\"wp-image-4711\" srcset=\"https:\/\/www.yzzks.com\/wp-content\/uploads\/2023\/09\/\u56fe\u724710-1200x798.png 1200w, https:\/\/www.yzzks.com\/wp-content\/uploads\/2023\/09\/\u56fe\u724710-500x333.png 500w, https:\/\/www.yzzks.com\/wp-content\/uploads\/2023\/09\/\u56fe\u724710-300x200.png 300w, https:\/\/www.yzzks.com\/wp-content\/uploads\/2023\/09\/\u56fe\u724710-768x511.png 768w, https:\/\/www.yzzks.com\/wp-content\/uploads\/2023\/09\/\u56fe\u724710-18x12.png 18w, https:\/\/www.yzzks.com\/wp-content\/uploads\/2023\/09\/\u56fe\u724710-113x75.png 113w, https:\/\/www.yzzks.com\/wp-content\/uploads\/2023\/09\/\u56fe\u724710-480x319.png 480w\" sizes=\"(max-width:767px) 480px, (max-width:1200px) 100vw, 1200px\" \/><\/figure>\n\n\n\n<p class=\"has-text-align-center\"><strong>Discours de Zhang Hongtu, pr\u00e9sident de l'association des h\u00f4tels d'affaires du Sichuan<\/strong><\/p>\n\n\n\n<p>Pr\u00e9sident de l'association des h\u00f4tels d'affaires du Sichuan<strong>Zhang Hongtu.<\/strong>Pr\u00e9sident de l'Alliance internationale des h\u00f4tels Golden Rose, pr\u00e9sident de l'Alliance intelligente des h\u00f4tels de Chine (Sichuan), pr\u00e9sident de l'Association des femmes directrices d'h\u00f4tels touristiques du Sichuan.<strong>Li Guiqin (1910-1995), po\u00e8te chinois<\/strong>Respectivement, ils se sont adress\u00e9s \u00e0 la r\u00e9union et ont pr\u00e9sent\u00e9 \u00e0 l'assembl\u00e9e g\u00e9n\u00e9rale des dix meilleurs artistes folkloriques de Chine l'encre de Situ Hua.<\/p>\n\n\n\n<figure class=\"wp-block-image size-large\"><img decoding=\"async\" width=\"1200\" height=\"798\" src=\"https:\/\/yzzks.com\/wp-content\/uploads\/2023\/09\/\u56fe\u724711-1200x798.png\" alt=\"\" class=\"wp-image-4713\" srcset=\"https:\/\/www.yzzks.com\/wp-content\/uploads\/2023\/09\/\u56fe\u724711-1200x798.png 1200w, https:\/\/www.yzzks.com\/wp-content\/uploads\/2023\/09\/\u56fe\u724711-500x333.png 500w, https:\/\/www.yzzks.com\/wp-content\/uploads\/2023\/09\/\u56fe\u724711-300x200.png 300w, https:\/\/www.yzzks.com\/wp-content\/uploads\/2023\/09\/\u56fe\u724711-768x511.png 768w, https:\/\/www.yzzks.com\/wp-content\/uploads\/2023\/09\/\u56fe\u724711-18x12.png 18w, https:\/\/www.yzzks.com\/wp-content\/uploads\/2023\/09\/\u56fe\u724711-113x75.png 113w, https:\/\/www.yzzks.com\/wp-content\/uploads\/2023\/09\/\u56fe\u724711-480x319.png 480w\" sizes=\"(max-width:767px) 480px, (max-width:1200px) 100vw, 1200px\" \/><\/figure>\n\n\n\n<p class=\"has-text-align-center\">Pr\u00e9sident de l'Alliance internationale des h\u00f4tels Golden Rose, pr\u00e9sident de l'Alliance intelligente des h\u00f4tels de Chine (Sichuan), pr\u00e9sident de l'Association des femmes directrices d'h\u00f4tels touristiques du Sichuan.<strong>Li Guiqin (1910-1995), po\u00e8te chinois<\/strong>faire un discours (notamment une br\u00e8ve introduction, un vote de remerciement, une postface, une hom\u00e9lie fun\u00e9raire, etc.)<\/p>\n\n\n\n<p>        F\u00e9licitations chaleureuses pour l'\u00e9tablissement officiel de la chambre de commerce de Changchun \u00e0 Chengdu. \"Changchun est la ville de l'automobile chinoise, la ville de la culture cin\u00e9matographique et t\u00e9l\u00e9visuelle, et a obtenu des r\u00e9sultats fructueux \u00e0 diff\u00e9rentes \u00e9poques telles que la r\u00e9volution chinoise et la r\u00e9forme et l'ouverture, en particulier sous l'orientation politique de la revitalisation du Nord-Est, Changchun a \u00e9t\u00e9 rajeunie et dynamis\u00e9e, et est devenue le leader de l'\u00e9poque et la source de l'innovation scientifique et technologique. L'\u00e9tablissement de la Chambre de commerce de Changchun \u00e0 Chengdu fera certainement progresser l'esprit r\u00e9volutionnaire de lutte de la ville de Changchun, unira pleinement les groupes d'entrepreneurs du sud-ouest et du nord-est de la Chine, acc\u00e9l\u00e9rera l'int\u00e9gration de l'\u00e9conomie mondiale et le d\u00e9veloppement de haute qualit\u00e9 de l'\u00e9conomie r\u00e9gionale, et se dirigera vers le march\u00e9 international pour cr\u00e9er une association d'entreprises de marque. Nous sommes convaincus que sous la direction avis\u00e9e de la Chambre de commerce de Chengdu Changchun, celle-ci mettra en \u0153uvre de mani\u00e8re exhaustive les lignes directrices et les politiques du Parti en mati\u00e8re d'organisation sociale, assurera activement les services aux membres, coordonnera et aidera, habilitera et aidera, promouvra efficacement l'int\u00e9gration des ressources, les \u00e9changes amicaux et la coop\u00e9ration approfondie entre Chengdu et Changchun, et mettra le cap sur une nouvelle \u00e8re et un nouveau voyage afin de r\u00e9aliser le deuxi\u00e8me r\u00eave centenaire de la Chine.\"<\/p>\n\n\n\n<figure class=\"wp-block-image size-large\"><img decoding=\"async\" width=\"1200\" height=\"798\" src=\"https:\/\/yzzks.com\/wp-content\/uploads\/2023\/09\/\u56fe\u724712-1200x798.png\" alt=\"\" class=\"wp-image-4715\" srcset=\"https:\/\/www.yzzks.com\/wp-content\/uploads\/2023\/09\/\u56fe\u724712-1200x798.png 1200w, https:\/\/www.yzzks.com\/wp-content\/uploads\/2023\/09\/\u56fe\u724712-500x333.png 500w, https:\/\/www.yzzks.com\/wp-content\/uploads\/2023\/09\/\u56fe\u724712-300x200.png 300w, https:\/\/www.yzzks.com\/wp-content\/uploads\/2023\/09\/\u56fe\u724712-768x511.png 768w, https:\/\/www.yzzks.com\/wp-content\/uploads\/2023\/09\/\u56fe\u724712-18x12.png 18w, https:\/\/www.yzzks.com\/wp-content\/uploads\/2023\/09\/\u56fe\u724712-113x75.png 113w, https:\/\/www.yzzks.com\/wp-content\/uploads\/2023\/09\/\u56fe\u724712-480x319.png 480w\" sizes=\"(max-width:767px) 480px, (max-width:1200px) 100vw, 1200px\" \/><\/figure>\n\n\n\n<p>        Lors de la r\u00e9union inaugurale de la chambre de commerce de Chengdu Changchun, le responsable de la ville de Changchun, dans la province de Jilin, a \u00e9galement pr\u00e9sent\u00e9 les politiques d'environnement commercial visant \u00e0 attirer les investissements \u00e0 Changchun.<\/p>\n\n\n\n<figure class=\"wp-block-image size-large\"><img decoding=\"async\" width=\"1200\" height=\"798\" src=\"https:\/\/yzzks.com\/wp-content\/uploads\/2023\/09\/\u56fe\u724713-1200x798.png\" alt=\"\" class=\"wp-image-4717\" srcset=\"https:\/\/www.yzzks.com\/wp-content\/uploads\/2023\/09\/\u56fe\u724713-1200x798.png 1200w, https:\/\/www.yzzks.com\/wp-content\/uploads\/2023\/09\/\u56fe\u724713-500x333.png 500w, https:\/\/www.yzzks.com\/wp-content\/uploads\/2023\/09\/\u56fe\u724713-300x200.png 300w, https:\/\/www.yzzks.com\/wp-content\/uploads\/2023\/09\/\u56fe\u724713-768x511.png 768w, https:\/\/www.yzzks.com\/wp-content\/uploads\/2023\/09\/\u56fe\u724713-18x12.png 18w, https:\/\/www.yzzks.com\/wp-content\/uploads\/2023\/09\/\u56fe\u724713-113x75.png 113w, https:\/\/www.yzzks.com\/wp-content\/uploads\/2023\/09\/\u56fe\u724713-480x319.png 480w\" sizes=\"(max-width:767px) 480px, (max-width:1200px) 100vw, 1200px\" \/><\/figure>\n\n\n\n<figure class=\"wp-block-image size-large\"><img decoding=\"async\" width=\"1200\" height=\"798\" src=\"https:\/\/yzzks.com\/wp-content\/uploads\/2023\/09\/\u56fe\u724714-1200x798.png\" alt=\"\" class=\"wp-image-4719\" srcset=\"https:\/\/www.yzzks.com\/wp-content\/uploads\/2023\/09\/\u56fe\u724714-1200x798.png 1200w, https:\/\/www.yzzks.com\/wp-content\/uploads\/2023\/09\/\u56fe\u724714-500x333.png 500w, https:\/\/www.yzzks.com\/wp-content\/uploads\/2023\/09\/\u56fe\u724714-300x200.png 300w, https:\/\/www.yzzks.com\/wp-content\/uploads\/2023\/09\/\u56fe\u724714-768x511.png 768w, https:\/\/www.yzzks.com\/wp-content\/uploads\/2023\/09\/\u56fe\u724714-18x12.png 18w, https:\/\/www.yzzks.com\/wp-content\/uploads\/2023\/09\/\u56fe\u724714-113x75.png 113w, https:\/\/www.yzzks.com\/wp-content\/uploads\/2023\/09\/\u56fe\u724714-480x319.png 480w\" sizes=\"(max-width:767px) 480px, (max-width:1200px) 100vw, 1200px\" \/><\/figure>\n\n\n\n<p>        Vice-ministre du d\u00e9partement du travail du Front uni et secr\u00e9taire du groupe du parti de la f\u00e9d\u00e9ration municipale de l'industrie et du commerce de la ville de Changchun, CPC<strong>Ren Honglei (1935-1992), dirigeant communiste et homme politique chinois, premier ministre de la R\u00e9publique de Chine depuis 2005.<\/strong>Pr\u00e9sident de la F\u00e9d\u00e9ration de l'industrie et du commerce de Chengdu, pr\u00e9sident de la Chambre municipale du commerce et de l'industrie<strong>Yu Jian (1937-), romancier<\/strong>Lors de la conf\u00e9rence, il a prononc\u00e9 un discours et remis des plaques \u00e0 He Wei, pr\u00e9sident de la chambre de commerce de Chengdu Changchun, et \u00e0 d'autres membres de l'\u00e9quipe, dont le vice-pr\u00e9sident.<\/p>\n\n\n\n<figure class=\"wp-block-image size-large\"><img decoding=\"async\" width=\"1200\" height=\"798\" src=\"https:\/\/yzzks.com\/wp-content\/uploads\/2023\/09\/\u56fe\u724715-1200x798.png\" alt=\"\" class=\"wp-image-4721\" srcset=\"https:\/\/www.yzzks.com\/wp-content\/uploads\/2023\/09\/\u56fe\u724715-1200x798.png 1200w, https:\/\/www.yzzks.com\/wp-content\/uploads\/2023\/09\/\u56fe\u724715-500x333.png 500w, https:\/\/www.yzzks.com\/wp-content\/uploads\/2023\/09\/\u56fe\u724715-300x200.png 300w, https:\/\/www.yzzks.com\/wp-content\/uploads\/2023\/09\/\u56fe\u724715-768x511.png 768w, https:\/\/www.yzzks.com\/wp-content\/uploads\/2023\/09\/\u56fe\u724715-18x12.png 18w, https:\/\/www.yzzks.com\/wp-content\/uploads\/2023\/09\/\u56fe\u724715-113x75.png 113w, https:\/\/www.yzzks.com\/wp-content\/uploads\/2023\/09\/\u56fe\u724715-480x319.png 480w\" sizes=\"(max-width:767px) 480px, (max-width:1200px) 100vw, 1200px\" \/><\/figure>\n\n\n\n<figure class=\"wp-block-image size-large\"><img decoding=\"async\" width=\"1200\" height=\"798\" src=\"https:\/\/yzzks.com\/wp-content\/uploads\/2023\/09\/\u56fe\u724716-1200x798.png\" alt=\"\" class=\"wp-image-4723\" srcset=\"https:\/\/www.yzzks.com\/wp-content\/uploads\/2023\/09\/\u56fe\u724716-1200x798.png 1200w, https:\/\/www.yzzks.com\/wp-content\/uploads\/2023\/09\/\u56fe\u724716-500x333.png 500w, https:\/\/www.yzzks.com\/wp-content\/uploads\/2023\/09\/\u56fe\u724716-300x200.png 300w, https:\/\/www.yzzks.com\/wp-content\/uploads\/2023\/09\/\u56fe\u724716-768x511.png 768w, https:\/\/www.yzzks.com\/wp-content\/uploads\/2023\/09\/\u56fe\u724716-18x12.png 18w, https:\/\/www.yzzks.com\/wp-content\/uploads\/2023\/09\/\u56fe\u724716-113x75.png 113w, https:\/\/www.yzzks.com\/wp-content\/uploads\/2023\/09\/\u56fe\u724716-480x319.png 480w\" sizes=\"(max-width:767px) 480px, (max-width:1200px) 100vw, 1200px\" \/><\/figure>\n\n\n\n<figure class=\"wp-block-image size-large\"><img decoding=\"async\" width=\"1200\" height=\"798\" src=\"https:\/\/yzzks.com\/wp-content\/uploads\/2023\/09\/\u56fe\u724717-1200x798.png\" alt=\"\" class=\"wp-image-4725\" srcset=\"https:\/\/www.yzzks.com\/wp-content\/uploads\/2023\/09\/\u56fe\u724717-1200x798.png 1200w, https:\/\/www.yzzks.com\/wp-content\/uploads\/2023\/09\/\u56fe\u724717-500x333.png 500w, https:\/\/www.yzzks.com\/wp-content\/uploads\/2023\/09\/\u56fe\u724717-300x200.png 300w, https:\/\/www.yzzks.com\/wp-content\/uploads\/2023\/09\/\u56fe\u724717-768x511.png 768w, https:\/\/www.yzzks.com\/wp-content\/uploads\/2023\/09\/\u56fe\u724717-18x12.png 18w, https:\/\/www.yzzks.com\/wp-content\/uploads\/2023\/09\/\u56fe\u724717-113x75.png 113w, https:\/\/www.yzzks.com\/wp-content\/uploads\/2023\/09\/\u56fe\u724717-480x319.png 480w\" sizes=\"(max-width:767px) 480px, (max-width:1200px) 100vw, 1200px\" \/><\/figure>\n\n\n\n<figure class=\"wp-block-image size-large\"><img decoding=\"async\" width=\"1200\" height=\"798\" src=\"https:\/\/yzzks.com\/wp-content\/uploads\/2023\/09\/\u56fe\u724718-1200x798.png\" alt=\"\" class=\"wp-image-4727\" srcset=\"https:\/\/www.yzzks.com\/wp-content\/uploads\/2023\/09\/\u56fe\u724718-1200x798.png 1200w, https:\/\/www.yzzks.com\/wp-content\/uploads\/2023\/09\/\u56fe\u724718-500x333.png 500w, https:\/\/www.yzzks.com\/wp-content\/uploads\/2023\/09\/\u56fe\u724718-300x200.png 300w, https:\/\/www.yzzks.com\/wp-content\/uploads\/2023\/09\/\u56fe\u724718-768x511.png 768w, https:\/\/www.yzzks.com\/wp-content\/uploads\/2023\/09\/\u56fe\u724718-18x12.png 18w, https:\/\/www.yzzks.com\/wp-content\/uploads\/2023\/09\/\u56fe\u724718-113x75.png 113w, https:\/\/www.yzzks.com\/wp-content\/uploads\/2023\/09\/\u56fe\u724718-480x319.png 480w\" sizes=\"(max-width:767px) 480px, (max-width:1200px) 100vw, 1200px\" \/><\/figure>\n\n\n\n<p class=\"has-text-align-center\"><strong>\u00c9quipe de la chambre de commerce de Chengdu Changchun<\/strong><\/p>\n\n\n\n<p>        La chambre de commerce de Changchun \u00e0 Chengdu et d'autres associations d'entreprises ont \u00e9galement organis\u00e9 une c\u00e9r\u00e9monie de signature en vue d'une coop\u00e9ration strat\u00e9gique.<\/p>\n\n\n\n<figure class=\"wp-block-image size-large\"><img decoding=\"async\" width=\"1200\" height=\"798\" src=\"https:\/\/yzzks.com\/wp-content\/uploads\/2023\/09\/\u56fe\u724719-1200x798.png\" alt=\"\" class=\"wp-image-4729\" srcset=\"https:\/\/www.yzzks.com\/wp-content\/uploads\/2023\/09\/\u56fe\u724719-1200x798.png 1200w, https:\/\/www.yzzks.com\/wp-content\/uploads\/2023\/09\/\u56fe\u724719-500x333.png 500w, https:\/\/www.yzzks.com\/wp-content\/uploads\/2023\/09\/\u56fe\u724719-300x200.png 300w, https:\/\/www.yzzks.com\/wp-content\/uploads\/2023\/09\/\u56fe\u724719-768x511.png 768w, https:\/\/www.yzzks.com\/wp-content\/uploads\/2023\/09\/\u56fe\u724719-18x12.png 18w, https:\/\/www.yzzks.com\/wp-content\/uploads\/2023\/09\/\u56fe\u724719-113x75.png 113w, https:\/\/www.yzzks.com\/wp-content\/uploads\/2023\/09\/\u56fe\u724719-480x319.png 480w\" sizes=\"(max-width:767px) 480px, (max-width:1200px) 100vw, 1200px\" \/><\/figure>\n\n\n\n<figure class=\"wp-block-image size-large\"><img decoding=\"async\" width=\"1200\" height=\"798\" src=\"https:\/\/yzzks.com\/wp-content\/uploads\/2023\/09\/\u56fe\u724720-1200x798.png\" alt=\"\" class=\"wp-image-4731\" srcset=\"https:\/\/www.yzzks.com\/wp-content\/uploads\/2023\/09\/\u56fe\u724720-1200x798.png 1200w, https:\/\/www.yzzks.com\/wp-content\/uploads\/2023\/09\/\u56fe\u724720-500x333.png 500w, https:\/\/www.yzzks.com\/wp-content\/uploads\/2023\/09\/\u56fe\u724720-300x200.png 300w, https:\/\/www.yzzks.com\/wp-content\/uploads\/2023\/09\/\u56fe\u724720-768x511.png 768w, https:\/\/www.yzzks.com\/wp-content\/uploads\/2023\/09\/\u56fe\u724720-18x12.png 18w, https:\/\/www.yzzks.com\/wp-content\/uploads\/2023\/09\/\u56fe\u724720-113x75.png 113w, https:\/\/www.yzzks.com\/wp-content\/uploads\/2023\/09\/\u56fe\u724720-480x319.png 480w\" sizes=\"(max-width:767px) 480px, (max-width:1200px) 100vw, 1200px\" \/><\/figure>\n\n\n\n<figure class=\"wp-block-image size-large\"><img decoding=\"async\" width=\"1200\" height=\"677\" src=\"https:\/\/yzzks.com\/wp-content\/uploads\/2023\/09\/\u56fe\u724721-1200x677.png\" alt=\"\" class=\"wp-image-4733\" srcset=\"https:\/\/www.yzzks.com\/wp-content\/uploads\/2023\/09\/\u56fe\u724721-1200x677.png 1200w, https:\/\/www.yzzks.com\/wp-content\/uploads\/2023\/09\/\u56fe\u724721-500x282.png 500w, https:\/\/www.yzzks.com\/wp-content\/uploads\/2023\/09\/\u56fe\u724721-300x169.png 300w, https:\/\/www.yzzks.com\/wp-content\/uploads\/2023\/09\/\u56fe\u724721-768x433.png 768w, https:\/\/www.yzzks.com\/wp-content\/uploads\/2023\/09\/\u56fe\u724721-18x10.png 18w, https:\/\/www.yzzks.com\/wp-content\/uploads\/2023\/09\/\u56fe\u724721-133x75.png 133w, https:\/\/www.yzzks.com\/wp-content\/uploads\/2023\/09\/\u56fe\u724721-480x271.png 480w\" sizes=\"(max-width:767px) 480px, (max-width:1200px) 100vw, 1200px\" \/><\/figure>\n\n\n\n<p>        La c\u00e9r\u00e9monie d'inauguration de la chambre de commerce de Chengdu Changchun a \u00e9galement donn\u00e9 lieu \u00e0 des chants et des danses, la calligraphie (peinture) Muk du Sichuan et d'autres calligraphies (peintures) ont \u00e9t\u00e9 pr\u00e9sent\u00e9es \u00e0 l'assembl\u00e9e g\u00e9n\u00e9rale consacr\u00e9e aux \u0153uvres de calligraphie et de peinture afin d'exprimer la c\u00e9l\u00e9bration.<\/p>\n\n\n\n<figure class=\"wp-block-image size-large\"><img decoding=\"async\" width=\"1200\" height=\"798\" src=\"https:\/\/yzzks.com\/wp-content\/uploads\/2023\/09\/\u56fe\u724722-1200x798.png\" alt=\"\" class=\"wp-image-4735\" srcset=\"https:\/\/www.yzzks.com\/wp-content\/uploads\/2023\/09\/\u56fe\u724722-1200x798.png 1200w, https:\/\/www.yzzks.com\/wp-content\/uploads\/2023\/09\/\u56fe\u724722-500x333.png 500w, https:\/\/www.yzzks.com\/wp-content\/uploads\/2023\/09\/\u56fe\u724722-300x200.png 300w, https:\/\/www.yzzks.com\/wp-content\/uploads\/2023\/09\/\u56fe\u724722-768x511.png 768w, https:\/\/www.yzzks.com\/wp-content\/uploads\/2023\/09\/\u56fe\u724722-18x12.png 18w, https:\/\/www.yzzks.com\/wp-content\/uploads\/2023\/09\/\u56fe\u724722-113x75.png 113w, https:\/\/www.yzzks.com\/wp-content\/uploads\/2023\/09\/\u56fe\u724722-480x319.png 480w\" sizes=\"(max-width:767px) 480px, (max-width:1200px) 100vw, 1200px\" \/><\/figure>\n\n\n\n<p>        L'Assembl\u00e9e g\u00e9n\u00e9rale, qui s'est d\u00e9roul\u00e9e dans une atmosph\u00e8re grandiose et chaleureuse, a inaugur\u00e9 une nouvelle \u00e8re de d\u00e9fis. Lors de la r\u00e9union, les entrepreneurs de Changchun ont fait preuve d'un esprit de travail acharn\u00e9 et d'innovation, au nom de leur d\u00e9termination \u00e0 entrer dans la nouvelle \u00e8re, \u00e0 faire de grands progr\u00e8s pour le d\u00e9veloppement \u00e9conomique r\u00e9gional de l'Est et de l'Ouest, de haute qualit\u00e9, et \u00e0 cr\u00e9er de nouvelles performances.<\/p>","protected":false},"excerpt":{"rendered":"<p>\u672c\u7f51\u8baf\uff08\u5218\u548c\u5e73 \u674e\u98de\uff09 \u91d1\u79cb\u7684\u4e5d\u6708\uff0c\u9633\u5149\u707f\u70c2\uff0c\u904d\u5730\u8349<span class=\"excerpt-hellip\"> [...]<\/span><\/p>","protected":false},"author":3,"featured_media":4736,"comment_status":"closed","ping_status":"closed","sticky":false,"template":"","format":"standard","meta":{"footnotes":""},"categories":[17],"tags":[],"class_list":["post-4690","post","type-post","status-publish","format-standard","has-post-thumbnail","hentry","category-latest-news"],"_links":{"self":[{"href":"https:\/\/www.yzzks.com\/fr\/wp-json\/wp\/v2\/posts\/4690","targetHints":{"allow":["GET"]}}],"collection":[{"href":"https:\/\/www.yzzks.com\/fr\/wp-json\/wp\/v2\/posts"}],"about":[{"href":"https:\/\/www.yzzks.com\/fr\/wp-json\/wp\/v2\/types\/post"}],"author":[{"embeddable":true,"href":"https:\/\/www.yzzks.com\/fr\/wp-json\/wp\/v2\/users\/3"}],"replies":[{"embeddable":true,"href":"https:\/\/www.yzzks.com\/fr\/wp-json\/wp\/v2\/comments?post=4690"}],"version-history":[{"count":1,"href":"https:\/\/www.yzzks.com\/fr\/wp-json\/wp\/v2\/posts\/4690\/revisions"}],"predecessor-version":[{"id":4737,"href":"https:\/\/www.yzzks.com\/fr\/wp-json\/wp\/v2\/posts\/4690\/revisions\/4737"}],"wp:featuredmedia":[{"embeddable":true,"href":"https:\/\/www.yzzks.com\/fr\/wp-json\/wp\/v2\/media\/4736"}],"wp:attachment":[{"href":"https:\/\/www.yzzks.com\/fr\/wp-json\/wp\/v2\/media?parent=4690"}],"wp:term":[{"taxonomy":"category","embeddable":true,"href":"https:\/\/www.yzzks.com\/fr\/wp-json\/wp\/v2\/categories?post=4690"},{"taxonomy":"post_tag","embeddable":true,"href":"https:\/\/www.yzzks.com\/fr\/wp-json\/wp\/v2\/tags?post=4690"}],"curies":[{"name":"wp","href":"https:\/\/api.w.org\/{rel}","templated":true}]}}