{"id":3356,"date":"2023-07-07T21:23:22","date_gmt":"2023-07-07T13:23:22","guid":{"rendered":"http:\/\/yzzks.com\/index.php\/2023\/07\/07\/%e8%af%b4%e8%af%b4%e6%ad%a3%e8%83%bd%e9%87%8f\/"},"modified":"2024-03-15T10:11:52","modified_gmt":"2024-03-15T02:11:52","slug":"%e8%af%b4%e8%af%b4%e6%ad%a3%e8%83%bd%e9%87%8f","status":"publish","type":"post","link":"https:\/\/www.yzzks.com\/pt\/latest-news\/3356\/","title":{"rendered":"Isto \u00e9 que \u00e9 energia positiva."},"content":{"rendered":"<p class=\"MsoNormal\" align=\"center\" style=\"text-align:center;\">\n\t\n<\/p>\n<p class=\"MsoNormal\" style=\"text-indent:21.0pt;\">\n\tHoje de manh\u00e3 cedo, vi o c\u00edrculo de amigos de um professor no WeChat partilhar este par\u00e1grafo: \"Ou\u00e7o muitas vezes a palavra energia positiva, mas nunca compreendi o seu verdadeiro significado, \u00e9 uma mentalidade positiva? Enquanto estivermos deprimidos, nos queixarmos, nos sentirmos desamparados, nos culparmos, nos repreendermos, algu\u00e9m saltou, quer que espalhemos energia positiva! Pergunto-me, as pessoas t\u00eam sete sentimentos e seis desejos, h\u00e1 alegrias e tristezas, tudo energia positiva, isso \u00e9 Ultraman, n\u00e3o achas?\" Estou profundamente convencido com a frase \"toda a energia positiva\".\n<\/p>\n<p class=\"MsoNormal\" style=\"text-indent:21.0pt;\">\n\tNo entanto, quanto \u00e0s palavras \"queixar-se\", \"culpar\", \"desamparado\" e \"amaldi\u00e7oar\", gostaria de dizer que n\u00e3o se trata de energia emocional, mas sim comportamental, e mesmo que se tenha as chamadas emo\u00e7\u00f5es \"negativas\", n\u00e3o se pode necessariamente adotar os comportamentos acima mencionados, que n\u00e3o s\u00e3o ben\u00e9ficos para si pr\u00f3prio e para os outros, e s\u00e3o comportamentos t\u00edpicos de grupos desfavorecidos. O aspeto comportamental n\u00e3o \u00e9 o tema do debate de hoje, que \u00e9 dedicado ao termo \"energia positiva\".\n<\/p>\n<p class=\"MsoNormal\" style=\"text-indent:21.0pt;\">\n\tAtualmente, a palavra \"energia positiva\" \u00e9 amplamente difundida e utilizada pelas pessoas. No entanto, ser\u00e1 que a nossa compreens\u00e3o da palavra \"energia positiva\" \u00e9 mais conducente ao nosso pr\u00f3prio crescimento e \u00e0 melhoria do nosso estado de ser, quer seja sem d\u00favida, sem ilumina\u00e7\u00e3o, com pouca d\u00favida, com pouca ilumina\u00e7\u00e3o, ou com grande d\u00favida, com grande ilumina\u00e7\u00e3o? Na minha opini\u00e3o, n\u00e3o existem emo\u00e7\u00f5es positivas ou negativas. Mais vale pensarmos que a energia positiva \u00e9 uma energia elevada.\n<\/p>\n<p class=\"MsoNormal\" style=\"text-indent:21.0pt;\">\n\tTodas as emo\u00e7\u00f5es e sentimentos s\u00e3o necess\u00e1rios, s\u00e3o bons e devem ser permitidos. Como \u00e9 que pode haver um dia de sol sem um dia nublado? Como \u00e9 que pode haver amanhecer sem noite? Como \u00e9 que pode haver vida sem morte? Como \u00e9 que pode haver alegria sem tristeza? A verdade \u00e9 que estes opostos s\u00e3o um s\u00f3, ou um s\u00f3, indivis\u00edvel, e se exclu\u00edres um deles, o outro deixar\u00e1 de existir. A menos que tenhas sido iluminado do mundo da dualidade para o mundo da unidade, nunca poder\u00e1s sair da lei natural de que a dualidade \u00e9 uma.\n<\/p>\n<p class=\"MsoNormal\" style=\"text-indent:21.0pt;\">\n\t<span><a href=\"http:\/\/2014.sina.com.cn\/teams\/usa.html\">Estados Unidos da Am\u00e9rica<\/a><\/span>O famoso professor de psicologia David Hawkins passou trinta anos a investigar os n\u00edveis de energia de v\u00e1rias emo\u00e7\u00f5es e estados de esp\u00edrito humanos (como mostra a figura) e, nos resultados desta investiga\u00e7\u00e3o, tamb\u00e9m n\u00e3o classificou a energia em positiva e negativa, e a mais baixa \u00e9 tamb\u00e9m positiva<span>20<\/span>. Assim, parece que, aos olhos dos psic\u00f3logos, existe apenas uma diferen\u00e7a entre energia alta e baixa, n\u00e3o positiva ou negativa. Tamb\u00e9m se pode dizer que, a partir desta tabela, toda a energia \u00e9 positiva, porque \u00e9 que se diz isso, eu acho que sim: uma pessoa, desde que haja emo\u00e7\u00f5es, n\u00e3o importa que emo\u00e7\u00f5es, pelo menos que essa pessoa n\u00e3o esteja completamente entorpecida como um morto-vivo, ou pelo menos mostre que essa pessoa n\u00e3o est\u00e1 pendurada.\n<\/p>\n<p class=\"MsoNormal\" style=\"text-indent:21.0pt;\">\n\tDesde muito cedo que nos dizem ou nos ensinam: a raiva \u00e9 m\u00e1, n\u00e3o se zangue; a tristeza \u00e9 m\u00e1, n\u00e3o se entriste\u00e7a; o negativismo \u00e9 mau, n\u00e3o seja negativo; seja homem, n\u00e3o chore ...... Assim, as pessoas crescem com muitos tipos de emo\u00e7\u00f5es reprimidas e, mais cedo ou mais tarde, essas emo\u00e7\u00f5es reprimidas manifestar-se-\u00e3o sob outras formas, como a doen\u00e7a f\u00edsica, maiores explos\u00f5es emocionais, etc. Assim, estas emo\u00e7\u00f5es n\u00e3o podem ser reprimidas (mas precisam de ser expressas ou apresentadas de uma forma que seja consistente com o equil\u00edbrio sist\u00e9mico).\n<\/p>\n<p class=\"MsoNormal\" style=\"text-indent:21.0pt;\">\n\tA emo\u00e7\u00e3o que as pessoas n\u00e3o conseguem reprimir, em especial, \u00e9 a raiva, e \u00e9 por isso que temos visto casos nos meios de comunica\u00e7\u00e3o social em que certas pessoas, que normalmente s\u00e3o particularmente bem-humoradas e se comportam particularmente bem, incendeiam e matam pessoas quando explodem.\n<\/p>\n<p class=\"MsoNormal\" style=\"text-indent:21.0pt;\">\n\tDe facto, todas as emo\u00e7\u00f5es s\u00e3o boas e ajudam-nos a perceber, a melhorar e a crescer. Se estivermos suficientemente conscientes, basicamente todas as emo\u00e7\u00f5es ditas \"negativas\" s\u00e3o uma grande oportunidade de crescimento pessoal. Por detr\u00e1s de cada emo\u00e7\u00e3o est\u00e1 um lembrete ou uma d\u00e1diva que, se for bem canalizada, nos trar\u00e1 um melhor alimento para a vida.\n<\/p>\n<p class=\"MsoNormal\" style=\"text-indent:21.0pt;\">\n\tPor exemplo, no meu c\u00edrculo WeChat e no Sina Weibo, publiquei este par\u00e1grafo: \"Sobre a emo\u00e7\u00e3o da agress\u00e3o: a agress\u00e3o \u00e9 uma emo\u00e7\u00e3o que s\u00f3 as crian\u00e7as t\u00eam, ou uma emo\u00e7\u00e3o que ainda n\u00e3o cresceu no cora\u00e7\u00e3o, os adultos n\u00e3o t\u00eam o sentimento de agress\u00e3o, s\u00f3 as crian\u00e7as t\u00eam o sentimento de agress\u00e3o, e os adultos s\u00f3 t\u00eam gratid\u00e3o, n\u00e3o agress\u00e3o. No local de trabalho ou na vida, se temos frequentemente emo\u00e7\u00f5es como a agress\u00e3o, isso significa que ainda n\u00e3o amadurecemos e crescemos interiormente, e este \u00e9 o momento de tomar consci\u00eancia e crescer.\"\n<\/p>\n<p class=\"MsoNormal\" style=\"text-indent:21.0pt;\">\n\tEmo\u00e7\u00f5es como vergonha, culpa, arrependimento e remorso s\u00e3o lembretes de que h\u00e1 coisas inacabadas no que foi terminado. Estas emo\u00e7\u00f5es s\u00e3o guias e, se forem compreendidas, podem ser transformadas numa for\u00e7a que empurra o possuidor para completar a parte inacabada.\n<\/p>\n<p class=\"MsoNormal\" style=\"text-indent:21.0pt;\">\n\tOutro exemplo \u00e9 a tristeza, que \u00e9 um lembrete de que n\u00e3o lid\u00e1mos com a tristeza das nossas emo\u00e7\u00f5es anteriores (provavelmente na primeira inf\u00e2ncia, antes dos tr\u00eas anos de idade) e que vamos acabar com ela. Eu costumava ser uma pessoa que sofria com muita facilidade, e o meu bom amigo e internacional<span>PNL<\/span>Wang Guofeng, um colega da turma de mentores, disse: \"Ruiping costumava ser um chor\u00e3o universal\", porque eu gostava particularmente de chorar, e uma vez, quando estava a fazer um exerc\u00edcio de estudo de caso num grupo numa aula, aconteceu estar num grupo com Guofeng, e chorei enquanto o fazia, e chorei durante uma hora, o que aterrorizou Wang. Mais tarde, quando participei no Programa Internacional de Certifica\u00e7\u00e3o de Terapeutas da Linha do Tempo, fiz os exerc\u00edcios do curso e, atrav\u00e9s da explora\u00e7\u00e3o da mente subconsciente at\u00e9 \u00e0 altura em que tinha seis meses de idade, consegui lidar muito bem com a tristeza que restava desse incidente. Atualmente, sou conhecido pelo Sr. Wang como o \"sorriso universal\". Na verdade, h\u00e1 outra raz\u00e3o: eu costumava pensar que a tristeza n\u00e3o era boa e, quando estava triste, fugia, e eu costumava ser um t\u00edpico tipo 9 de personalidade 7, e a minha capacidade de fugir era 10.000 vezes melhor do que a maioria das pessoas no mundo e, como resultado, quanto mais eu fugia, mais grave se tornava. Mais tarde, atrav\u00e9s da aprendizagem cont\u00ednua, deixei de fugir, virei-me e enfrentei-o diretamente, aproximei-me e entrei na minha dor, abracei profundamente e aceitei a minha dor, e assim a dor enfraqueceu e desapareceu lentamente.\n<\/p>\n<p class=\"MsoNormal\" style=\"text-indent:21.0pt;\">\n\tPara as chamadas emo\u00e7\u00f5es \"negativas\", quanto mais resistirmos e as evitarmos, mais lhes damos uma poderosa contra-for\u00e7a, o que \u00e9 como aliment\u00e1-las cada vez mais poderosamente.\n<\/p>\n<p class=\"MsoNormal\" style=\"text-indent:21.0pt;\">\n\t\u00c9 por causa destas profundas percep\u00e7\u00f5es de auto-crescimento que escrevi um pequeno poema, abaixo, para todos v\u00f3s. Desejo que todos se sintam mais confort\u00e1veis e mais transl\u00facidos, a vida \u00e9 para ser uma experi\u00eancia, n\u00e3o h\u00e1 positivo ou negativo, n\u00e3o h\u00e1 bom ou mau, n\u00e3o h\u00e1 certo ou errado, toda a energia \u00e9 uma d\u00e1diva. Aceita-a, vive-a, \u00e9 bom! \u00c9 bom estar vivo!\n<\/p>\n<p class=\"MsoNormal\" style=\"text-indent:21.0pt;\">\n\t<span>&nbsp;<\/span>\n<\/p>\n<p class=\"MsoNormal\" align=\"center\" style=\"text-align:center;\">\n\t<b>e dan\u00e7a emocional<span><br \/>\n<\/span><\/b><br \/>\nQuando frustrado.<span><br \/>\n<\/span>Aceito a minha frustra\u00e7\u00e3o.<span><\/p>\n<p><\/span>Em tempos de tristeza.<span><br \/>\n<\/span>Permiti-me chorar.<span><\/p>\n<p><\/span>Na doen\u00e7a.<span><br \/>\n<\/span>Obriguei-me a parar e a descansar.<span><\/p>\n<p><\/span>Com medo.<span><br \/>\n<\/span>Aceito os meus medos e sigo em frente com eles.<span><\/p>\n<p><\/span>Complexo de inferioridade.<span><br \/>\n<\/span>Admito a minha baixa autoestima.<span><\/p>\n<p><\/span>Quando se est\u00e1 aborrecido.<span><br \/>\n<\/span>Admito que estou aborrecido.<span><\/p>\n<p><\/span>Quando se \u00e9 pobre.<span><br \/>\n<\/span>Estou na pobreza com um estado interior de abund\u00e2ncia.<span><\/p>\n<p><\/span>Quando a for\u00e7a n\u00e3o \u00e9 suficiente.<span><br \/>\n<\/span>Aceito a minha impot\u00eancia.<span><br \/>\n<\/span>E deixa que o teu cora\u00e7\u00e3o se mova em dire\u00e7\u00e3o a uma maior impot\u00eancia e experimenta plenamente essa impot\u00eancia.<span><\/p>\n<p><\/span>Quando sinto a escurid\u00e3o.<span><br \/>\n<\/span>Aprecio a escurid\u00e3o.<span><br \/>\n<\/span>Porque sem noite n\u00e3o h\u00e1 alvorada.<span><br \/>\n<\/span>Deixei-me cair ainda mais na escurid\u00e3o.<span><br \/>\n<\/span>Porque.<span><br \/>\n<\/span>Depois da escurid\u00e3o mais profunda.<span><br \/>\n<\/span>S\u00f3 ent\u00e3o vir\u00e1 a verdadeira luz.<span><\/p>\n<p><\/span>Agora.<span><br \/>\n<\/span>Deixei de fugir das chamadas emo\u00e7\u00f5es negativas.<span><br \/>\n<\/span>Estou disposto a conhecer e a experimentar isso<span><br \/>\n<\/span>Eu sei.<span><br \/>\n<\/span>S\u00e3o t\u00e3o preciosas e importantes como as emo\u00e7\u00f5es positivas.<span><\/p>\n<p><\/span>Aceito e permito as minhas emo\u00e7\u00f5es.<span><br \/>\n<\/span>Eu sigo o fluxo deles.<span><br \/>\n<\/span>At\u00e9 serem conduzidos \u00e0 alegria, \u00e0 coer\u00eancia e \u00e0 luz.\n<\/p>\n<p class=\"MsoNormal\" style=\"text-indent:21.0pt;\">\n\t<span>&nbsp;<\/span>\n<\/p>\n<p class=\"MsoNormal\" style=\"text-indent:21.0pt;\">\n\t<span>&nbsp;<\/span>\n<\/p>\n<p class=\"MsoNormal\" style=\"text-indent:21.0pt;\">\n\t<span>&nbsp;<\/span>\n<\/p>\n<p class=\"MsoNormal\">\n\t<span>&nbsp;<\/span><\/p>","protected":false},"excerpt":{"rendered":"<p>\u4eca\u5929\u4e00\u65e9\uff0c\u770b\u5230\u4e00\u4f4d\u8001\u5e08\u7684\u5fae\u4fe1\u670b\u53cb\u5708\u91cc\u5206\u4eab\u4e86\u8fd9\u6837\u4e00\u6bb5\u8bdd<span class=\"excerpt-hellip\"> [...]<\/span><\/p>","protected":false},"author":1,"featured_media":0,"comment_status":"open","ping_status":"open","sticky":false,"template":"","format":"standard","meta":{"footnotes":""},"categories":[17],"tags":[],"class_list":["post-3356","post","type-post","status-publish","format-standard","hentry","category-latest-news"],"_links":{"self":[{"href":"https:\/\/www.yzzks.com\/pt\/wp-json\/wp\/v2\/posts\/3356","targetHints":{"allow":["GET"]}}],"collection":[{"href":"https:\/\/www.yzzks.com\/pt\/wp-json\/wp\/v2\/posts"}],"about":[{"href":"https:\/\/www.yzzks.com\/pt\/wp-json\/wp\/v2\/types\/post"}],"author":[{"embeddable":true,"href":"https:\/\/www.yzzks.com\/pt\/wp-json\/wp\/v2\/users\/1"}],"replies":[{"embeddable":true,"href":"https:\/\/www.yzzks.com\/pt\/wp-json\/wp\/v2\/comments?post=3356"}],"version-history":[{"count":1,"href":"https:\/\/www.yzzks.com\/pt\/wp-json\/wp\/v2\/posts\/3356\/revisions"}],"predecessor-version":[{"id":7373,"href":"https:\/\/www.yzzks.com\/pt\/wp-json\/wp\/v2\/posts\/3356\/revisions\/7373"}],"wp:attachment":[{"href":"https:\/\/www.yzzks.com\/pt\/wp-json\/wp\/v2\/media?parent=3356"}],"wp:term":[{"taxonomy":"category","embeddable":true,"href":"https:\/\/www.yzzks.com\/pt\/wp-json\/wp\/v2\/categories?post=3356"},{"taxonomy":"post_tag","embeddable":true,"href":"https:\/\/www.yzzks.com\/pt\/wp-json\/wp\/v2\/tags?post=3356"}],"curies":[{"name":"wp","href":"https:\/\/api.w.org\/{rel}","templated":true}]}}