{"id":3409,"date":"2023-07-07T21:23:36","date_gmt":"2023-07-07T13:23:36","guid":{"rendered":"http:\/\/yzzks.com\/index.php\/2023\/07\/07\/%e9%a6%99%e6%b8%af%e6%94%bf%e6%94%b9%e5%be%80%e4%ba%8b\/"},"modified":"2024-03-15T10:15:32","modified_gmt":"2024-03-15T02:15:32","slug":"%e9%a6%99%e6%b8%af%e6%94%bf%e6%94%b9%e5%be%80%e4%ba%8b","status":"publish","type":"post","link":"https:\/\/www.yzzks.com\/pt\/current-politics\/3409\/","title":{"rendered":"O passado da reforma pol\u00edtica de Hong Kong"},"content":{"rendered":"<p class=\"MsoNormal\" align=\"center\" style=\"text-align:center;\">\n\t<b><span style=\"line-height:2;font-size:14px;font-family:SimSun;\">O passado da reforma pol\u00edtica de Hong Kong<\/span><span><\/span><\/b>\n<\/p>\n<p class=\"MsoNormal\" style=\"text-indent:21.0pt;\">\n\t<span><br \/>\n<span style=\"line-height:2;font-size:14px;font-family:SimSun;\">&nbsp; &nbsp; 2015<\/span><\/span><span style=\"line-height:2;font-size:14px;font-family:SimSun;\">apelido Nian<\/span><span style=\"line-height:2;font-size:14px;font-family:SimSun;\">6<\/span><span style=\"line-height:2;font-size:14px;font-family:SimSun;\">lua<\/span><span style=\"line-height:2;font-size:14px;font-family:SimSun;\">18<\/span><span style=\"line-height:2;font-size:14px;font-family:SimSun;\">O Conselho Legislativo da Regi\u00e3o Administrativa Especial de Hong Kong foi convocado em 25 de maio de 2009 pelo Presidente do Conselho Legislativo da Regi\u00e3o Administrativa Especial de Hong Kong.<\/span><span style=\"line-height:2;font-size:14px;font-family:SimSun;\">8<\/span><span style=\"line-height:2;font-size:14px;font-family:SimSun;\">Votos a favor,<\/span><span style=\"line-height:2;font-size:14px;font-family:SimSun;\">28<\/span><span style=\"line-height:2;font-size:14px;font-family:SimSun;\">Votou contra a mo\u00e7\u00e3o apresentada pelo Governo da RAEHK relativa \u00e0 altera\u00e7\u00e3o do m\u00e9todo de sele\u00e7\u00e3o do Chefe do Executivo da RAEHK.<\/span><span><br \/>\n<span style=\"line-height:2;font-size:14px;font-family:SimSun;\">&nbsp; &nbsp; 2015<\/span><\/span><span style=\"line-height:2;font-size:14px;font-family:SimSun;\">apelido Nian<\/span><span style=\"line-height:2;font-size:14px;font-family:SimSun;\">6<\/span><span style=\"line-height:2;font-size:14px;font-family:SimSun;\">lua<\/span><span style=\"line-height:2;font-size:14px;font-family:SimSun;\">2<\/span><span style=\"line-height:2;font-size:14px;font-family:SimSun;\">Em 7 de outubro, o Governo da RAEHK anunciou que tinha enviado uma notifica\u00e7\u00e3o formal ao Conselho Legislativo de que iria<\/span><span style=\"line-height:2;font-size:14px;font-family:SimSun;\">6<\/span><span style=\"line-height:2;font-size:14px;font-family:SimSun;\">lua<\/span><span style=\"line-height:2;font-size:14px;font-family:SimSun;\">17<\/span><span style=\"line-height:2;font-size:14px;font-family:SimSun;\">O Conselho Legislativo vai apresentar uma mo\u00e7\u00e3o para debater o projeto de lei sobre a reforma constitucional na sua reuni\u00e3o de 20 de abril.<\/span><span><br \/>\n<span style=\"line-height:2;font-size:14px;font-family:SimSun;\">&nbsp; &nbsp; 2015<\/span><\/span><span style=\"line-height:2;font-size:14px;font-family:SimSun;\">apelido Nian<\/span><span style=\"line-height:2;font-size:14px;font-family:SimSun;\">5<\/span><span style=\"line-height:2;font-size:14px;font-family:SimSun;\">lua<\/span><span style=\"line-height:2;font-size:14px;font-family:SimSun;\">31<\/span><span style=\"line-height:2;font-size:14px;font-family:SimSun;\">Em 28 de maio, Wang Guangya, Diretor do Gabinete para os Assuntos de Hong Kong e Macau do Conselho de Estado, Li Fei, Diretor da Comiss\u00e3o da Lei B\u00e1sica, e Zhang Xiaoming, Diretor do Gabinete de Liga\u00e7\u00e3o do Governo Popular Central na Regi\u00e3o Administrativa Especial de Hong Kong (LOCPG), reuniram-se com legisladores de Hong Kong em Shenzhen.<\/span><span style=\"line-height:2;font-size:14px;font-family:SimSun;\">14<\/span><span style=\"line-height:2;font-size:14px;font-family:SimSun;\">Um legislador pan-democr\u00e1tico participou na reuni\u00e3o, mas n\u00e3o conseguiu persuadir os legisladores pan-democr\u00e1ticos a alterar o seu apoio ao pacote de reformas constitucionais.<\/span><span><br \/>\n<span style=\"line-height:2;font-size:14px;font-family:SimSun;\">&nbsp; &nbsp;&nbsp;2015<\/span><\/span><span style=\"line-height:2;font-size:14px;font-family:SimSun;\">apelido Nian<\/span><span style=\"line-height:2;font-size:14px;font-family:SimSun;\">4<\/span><span style=\"line-height:2;font-size:14px;font-family:SimSun;\">lua<\/span><span style=\"line-height:2;font-size:14px;font-family:SimSun;\">25<\/span><span style=\"line-height:2;font-size:14px;font-family:SimSun;\">Em 7 de dezembro, o Governo da RAEHK lan\u00e7ou uma campanha distrital sobre a reforma constitucional. Um grupo de altos funcion\u00e1rios, incluindo a Secret\u00e1ria-Chefe da Administra\u00e7\u00e3o, Carrie Lam, o Secret\u00e1rio da Justi\u00e7a, Rimsky Yuen, e o Secret\u00e1rio para os Assuntos Constitucionais e do Continente, Raymond Tam, membros do \"Trio da Reforma Constitucional\", viajou num autocarro aberto na ilha de Hong Kong, em Kowloon e nos Novos Territ\u00f3rios para promover a reforma constitucional junto do p\u00fablico.<\/span><span><br \/>\n<span style=\"line-height:2;font-size:14px;font-family:SimSun;\">&nbsp; &nbsp; 2015<\/span><\/span><span style=\"line-height:2;font-size:14px;font-family:SimSun;\">apelido Nian<\/span><span style=\"line-height:2;font-size:14px;font-family:SimSun;\">4<\/span><span style=\"line-height:2;font-size:14px;font-family:SimSun;\">lua<\/span><span style=\"line-height:2;font-size:14px;font-family:SimSun;\">22<\/span><span style=\"line-height:2;font-size:14px;font-family:SimSun;\">Em 28 de abril, a Secret\u00e1ria-Chefe da Administra\u00e7\u00e3o, Carrie Lam, leu uma declara\u00e7\u00e3o no Conselho Legislativo de Hong Kong, anunciando o relat\u00f3rio da consulta sobre a reforma constitucional para o sufr\u00e1gio universal em Hong Kong e o pacote de propostas. De acordo com o pacote de propostas, pela primeira vez, os eleitores de Hong Kong poder\u00e3o eleger o Chefe do Executivo numa base de \"uma pessoa-um-voto\", mas os candidatos ser\u00e3o obrigados a ter um \"voto-uma-pessoa-um-voto\".<\/span><span style=\"line-height:2;font-size:14px;font-family:SimSun;\">1200<\/span><span style=\"line-height:2;font-size:14px;font-family:SimSun;\">O Comit\u00e9 de Nomea\u00e7\u00f5es \u00e9 composto por tr\u00eas membros, que s\u00e3o selecionados e aprovados pelo Comit\u00e9 de Nomea\u00e7\u00f5es.<\/span><span><br \/>\n<span style=\"line-height:2;font-size:14px;font-family:SimSun;\">&nbsp; &nbsp; 2015<\/span><\/span><span style=\"line-height:2;font-size:14px;font-family:SimSun;\">apelido Nian<\/span><span style=\"line-height:2;font-size:14px;font-family:SimSun;\">3<\/span><span style=\"line-height:2;font-size:14px;font-family:SimSun;\">lua<\/span><span style=\"line-height:2;font-size:14px;font-family:SimSun;\">6<\/span><span style=\"line-height:2;font-size:14px;font-family:SimSun;\">Em 28 de maio, terminou a segunda ronda de consultas sobre a reforma pol\u00edtica de Hong Kong, tendo o Governo declarado que tinha recebido mais de 100 000 contribui\u00e7\u00f5es e anunciado que lan\u00e7aria a segunda ronda de consultas sobre a reforma pol\u00edtica de Hong Kong no final do ano.<\/span><span style=\"line-height:2;font-size:14px;font-family:SimSun;\">4<\/span><span style=\"line-height:2;font-size:14px;font-family:SimSun;\">(b) O an\u00fancio dos resultados da consulta e a apresenta\u00e7\u00e3o do pacote de reforma constitucional sobre o m\u00e9todo de sele\u00e7\u00e3o do Chefe do Executivo ao Conselho Legislativo em janeiro.<\/span><span><br \/>\n<span style=\"line-height:2;font-size:14px;font-family:SimSun;\">&nbsp; &nbsp; 2015<\/span><\/span><span style=\"line-height:2;font-size:14px;font-family:SimSun;\">apelido Nian<\/span><span style=\"line-height:2;font-size:14px;font-family:SimSun;\">1<\/span><span style=\"line-height:2;font-size:14px;font-family:SimSun;\">lua<\/span><span style=\"line-height:2;font-size:14px;font-family:SimSun;\">7<\/span><span style=\"line-height:2;font-size:14px;font-family:SimSun;\">Em 7 de dezembro de 2010, o Governo da RAEHK lan\u00e7ou formalmente a segunda ronda de consultas sobre o m\u00e9todo de sele\u00e7\u00e3o do Chefe do Executivo por sufr\u00e1gio universal, que ter\u00e1 uma dura\u00e7\u00e3o de seis meses.<\/span><span style=\"line-height:2;font-size:14px;font-family:SimSun;\">2<\/span><span style=\"line-height:2;font-size:14px;font-family:SimSun;\">Meses.<\/span><span><br \/>\n<span style=\"line-height:2;font-size:14px;font-family:SimSun;\">&nbsp; &nbsp;&nbsp;2014<\/span><\/span><span style=\"line-height:2;font-size:14px;font-family:SimSun;\">apelido Nian<\/span><span style=\"line-height:2;font-size:14px;font-family:SimSun;\">9<\/span><span style=\"line-height:2;font-size:14px;font-family:SimSun;\">Em janeiro, o sector acad\u00e9mico de Hong Kong iniciou uma greve dos estudantes do ensino superior e secund\u00e1rio, seguida de uma invas\u00e3o da sede do Governo de Hong Kong e da deten\u00e7\u00e3o do organizador do \"Scholarism\", Wong Chi-fung, e de outras pessoas, o que atraiu um grande n\u00famero de pessoas que manifestaram a sua solidariedade para com o Governo no exterior da sede do Governo, e um dos iniciadores da Ocupa\u00e7\u00e3o Pac\u00edfica da Central (POC), Benny Tai, afirmou que a via do di\u00e1logo estava esgotada e lan\u00e7ou formalmente o \"Occupy Central\" e uma s\u00e9rie de ac\u00e7\u00f5es de protesto. \"Ocupar a Central\" e uma s\u00e9rie de ac\u00e7\u00f5es de protesto. A ocupa\u00e7\u00e3o continua<\/span><span style=\"line-height:2;font-size:14px;font-family:SimSun;\">79<\/span><span style=\"line-height:2;font-size:14px;font-family:SimSun;\">Termina dentro de alguns dias.<\/span><span><br \/>\n<span style=\"line-height:2;font-size:14px;font-family:SimSun;\">&nbsp; &nbsp; 2014<\/span><\/span><span style=\"line-height:2;font-size:14px;font-family:SimSun;\">apelido Nian<\/span><span style=\"line-height:2;font-size:14px;font-family:SimSun;\">8<\/span><span style=\"line-height:2;font-size:14px;font-family:SimSun;\">lua<\/span><span style=\"line-height:2;font-size:14px;font-family:SimSun;\">31<\/span><span style=\"line-height:2;font-size:14px;font-family:SimSun;\">Em 7 de outubro, o Comit\u00e9 Permanente do Congresso Nacional do Povo (CNPC) reuniu-se em Pequim e um dos pontos da ordem de trabalhos consistia em analisar o relat\u00f3rio sobre a reforma constitucional de Hong Kong e anunciar o t\u00edtulo abreviado \"<\/span><span style=\"line-height:2;font-size:14px;font-family:SimSun;\"> 831<\/span><span style=\"line-height:2;font-size:14px;font-family:SimSun;\">\"Decis\u00e3o. Especificar que a dimens\u00e3o da comiss\u00e3o de nomea\u00e7\u00f5es deve ser mantida na mesma propor\u00e7\u00e3o que os quatro sectores da atual comiss\u00e3o eleitoral.<\/span><span style=\"line-height:2;font-size:14px;font-family:SimSun;\">1200<\/span><span style=\"line-height:2;font-size:14px;font-family:SimSun;\">No caso de o sufr\u00e1gio universal para a EC n\u00e3o ser aprovado pelos procedimentos estatut\u00e1rios, o n\u00famero de candidatos da EC ser\u00e1 fixado em dois ou tr\u00eas, sendo necess\u00e1rio o apoio da \"maioria\" dos membros da comiss\u00e3o de nomea\u00e7\u00f5es.<\/span><span style=\"line-height:2;font-size:14px;font-family:SimSun;\">2017<\/span><span style=\"line-height:2;font-size:14px;font-family:SimSun;\">A elei\u00e7\u00e3o do Diretor-Geral em 2007 continuar\u00e1 a seguir o mesmo padr\u00e3o.<\/span><span style=\"line-height:2;font-size:14px;font-family:SimSun;\">2012<\/span><span style=\"line-height:2;font-size:14px;font-family:SimSun;\">O m\u00e9todo de sele\u00e7\u00e3o do Diretor-Geral durante o ano.<\/span><span><br \/>\n<span style=\"line-height:2;font-size:14px;font-family:SimSun;\">&nbsp; &nbsp; 2014<\/span><\/span><span style=\"line-height:2;font-size:14px;font-family:SimSun;\">apelido Nian<\/span><span style=\"line-height:2;font-size:14px;font-family:SimSun;\">7<\/span><span style=\"line-height:2;font-size:14px;font-family:SimSun;\">lua<\/span><span style=\"line-height:2;font-size:14px;font-family:SimSun;\">15<\/span><span style=\"line-height:2;font-size:14px;font-family:SimSun;\">Em 28 de abril, o Governo da RAEHK publicou o relat\u00f3rio sobre a primeira ronda de consultas e, simultaneamente, lan\u00e7ou a primeira parte do processo de reforma constitucional, apresentando o relat\u00f3rio ao Governo de Pequim. O relat\u00f3rio recomendava que os candidatos ao CE deveriam amar o pa\u00eds e Hong Kong, que o comit\u00e9 de nomea\u00e7\u00e3o deveria ser formado com base no r\u00e1cio dos quatro sectores do Comit\u00e9 Eleitoral (CE) e que o m\u00e9todo de sele\u00e7\u00e3o do comit\u00e9 de nomea\u00e7\u00e3o deveria seguir o m\u00e9todo existente para a sele\u00e7\u00e3o do CE, etc. Estas s\u00e3o as opini\u00f5es dominantes.<\/span><span><br \/>\n<span style=\"line-height:2;font-size:14px;font-family:SimSun;\">&nbsp; &nbsp;&nbsp;2014<\/span><\/span><span style=\"line-height:2;font-size:14px;font-family:SimSun;\">apelido Nian<\/span><span style=\"line-height:2;font-size:14px;font-family:SimSun;\">7<\/span><span style=\"line-height:2;font-size:14px;font-family:SimSun;\">Em meados de maio, a \"Alian\u00e7a para a Prote\u00e7\u00e3o do Sufr\u00e1gio Universal e a Oposi\u00e7\u00e3o \u00e0 Ocupa\u00e7\u00e3o da China\", iniciada por Zhou Rong, o organizador de \"Help Hong Kong Speak Out\", organizou um evento de um dia para promover o sufr\u00e1gio universal.<\/span><span style=\"line-height:2;font-size:14px;font-family:SimSun;\">1<\/span><span style=\"line-height:2;font-size:14px;font-family:SimSun;\">tr\u00eas meses<\/span><span style=\"line-height:2;font-size:14px;font-family:SimSun;\">\"<\/span><span style=\"line-height:2;font-size:14px;font-family:SimSun;\">opor-se \u00e0 ocupa\u00e7\u00e3o da China (sobretudo na teoria marxista)<\/span><span style=\"line-height:2;font-size:14px;font-family:SimSun;\">\"<\/span><span style=\"line-height:2;font-size:14px;font-family:SimSun;\">e alegou ser apoiada por mais de um milh\u00e3o de assinaturas.<\/span><span><br \/>\n<span style=\"line-height:2;font-size:14px;font-family:SimSun;\">&nbsp; &nbsp; 2014<\/span><\/span><span style=\"line-height:2;font-size:14px;font-family:SimSun;\">apelido Nian<\/span><span style=\"line-height:2;font-size:14px;font-family:SimSun;\">6<\/span><span style=\"line-height:2;font-size:14px;font-family:SimSun;\">No final de janeiro, a organiza\u00e7\u00e3o \"Peaceful Occupation\" encomendou ao Programa de Opini\u00e3o P\u00fablica (POP) da Universidade de Hong Kong um inqu\u00e9rito sobre a opini\u00e3o p\u00fablica em Hong Kong.<\/span><span style=\"line-height:2;font-size:14px;font-family:SimSun;\">3<\/span><span style=\"line-height:2;font-size:14px;font-family:SimSun;\">Foi lan\u00e7ado um referendo em todo o territ\u00f3rio sobre o elemento \"nomea\u00e7\u00e3o c\u00edvica\" do pacote, que resultou em cerca de 1.000 votantes.<\/span><span style=\"line-height:2;font-size:14px;font-family:SimSun;\">80<\/span><span style=\"line-height:2;font-size:14px;font-family:SimSun;\">Dez mil pessoas votaram.<\/span><span><br \/>\n<span style=\"line-height:2;font-size:14px;font-family:SimSun;\">&nbsp; &nbsp; 2013<\/span><\/span><span style=\"line-height:2;font-size:14px;font-family:SimSun;\">apelido Nian<\/span><span style=\"line-height:2;font-size:14px;font-family:SimSun;\">12<\/span><span style=\"line-height:2;font-size:14px;font-family:SimSun;\">lua<\/span><span style=\"line-height:2;font-size:14px;font-family:SimSun;\">4<\/span><span style=\"line-height:2;font-size:14px;font-family:SimSun;\">Em 7 de dezembro, a Secret\u00e1ria-Chefe da Administra\u00e7\u00e3o de Hong Kong, Carrie Lam, anunciou que iria fazer uma declara\u00e7\u00e3o sobre<\/span><span style=\"line-height:2;font-size:14px;font-family:SimSun;\">2016<\/span><span style=\"line-height:2;font-size:14px;font-family:SimSun;\">Elei\u00e7\u00e3o do Conselho Legislativo e elei\u00e7\u00e3o do<\/span><span style=\"line-height:2;font-size:14px;font-family:SimSun;\">2017<\/span><span style=\"line-height:2;font-size:14px;font-family:SimSun;\">O per\u00edodo que antecede o lan\u00e7amento do pacote de reformas constitucionais para o m\u00e9todo de sele\u00e7\u00e3o do Chefe do Executivo em 2012 \u00e9 de seis meses.<\/span><span style=\"line-height:2;font-size:14px;font-family:SimSun;\">5<\/span><span style=\"line-height:2;font-size:14px;font-family:SimSun;\">Ap\u00f3s uma consulta p\u00fablica de um m\u00eas, a Comiss\u00e1ria, juntamente com o Secret\u00e1rio da Justi\u00e7a, Rimsky Yuen, e o Secret\u00e1rio para os Assuntos Constitucionais e do Continente, Raymond Tam, formaram um \"trio da reforma constitucional\" para tratar das quest\u00f5es relacionadas com a reforma constitucional.<\/span><span><br \/>\n<span style=\"line-height:2;font-size:14px;font-family:SimSun;\">&nbsp; &nbsp; 2010<\/span><\/span><span style=\"line-height:2;font-size:14px;font-family:SimSun;\">apelido Nian<\/span><span style=\"line-height:2;font-size:14px;font-family:SimSun;\">8<\/span><span style=\"line-height:2;font-size:14px;font-family:SimSun;\">lua<\/span><span style=\"line-height:2;font-size:14px;font-family:SimSun;\">28<\/span><span style=\"line-height:2;font-size:14px;font-family:SimSun;\">Em 28 de novembro, o Comit\u00e9 Permanente do Congresso Nacional do Povo (CNPC) aprovou, por mais de 98% dos votos expressos, os projectos de altera\u00e7\u00e3o dos m\u00e9todos de sele\u00e7\u00e3o do Chefe do Executivo e de forma\u00e7\u00e3o do Conselho Legislativo (LegCo), concluindo assim todo o procedimento legal de \"cinco etapas\" para a altera\u00e7\u00e3o dos m\u00e9todos de sele\u00e7\u00e3o do Chefe do Executivo e de forma\u00e7\u00e3o do LegCo.<\/span><span><br \/>\n<span style=\"line-height:2;font-size:14px;font-family:SimSun;\">&nbsp; &nbsp;&nbsp;2007<\/span><\/span><span style=\"line-height:2;font-size:14px;font-family:SimSun;\">apelido Nian<\/span><span style=\"line-height:2;font-size:14px;font-family:SimSun;\">12<\/span><span style=\"line-height:2;font-size:14px;font-family:SimSun;\">lua<\/span><span style=\"line-height:2;font-size:14px;font-family:SimSun;\">29<\/span><span style=\"line-height:2;font-size:14px;font-family:SimSun;\">Em 23 de maio de 2010, a d\u00e9cima sess\u00e3o do Comit\u00e9 Permanente do D\u00e9cimo Congresso Nacional do Povo (CNPC) realizou a sua primeira reuni\u00e3o.<\/span><span style=\"line-height:2;font-size:14px;font-family:SimSun;\">31<\/span><span style=\"line-height:2;font-size:14px;font-family:SimSun;\">O Comit\u00e9 Permanente do Congresso Nacional do Povo adoptou o \"Relat\u00f3rio do Comit\u00e9 Permanente do Congresso Nacional do Povo da Regi\u00e3o Administrativa Especial de Hong Kong sobre a<\/span><span style=\"line-height:2;font-size:14px;font-family:SimSun;\">2012<\/span><span style=\"line-height:2;font-size:14px;font-family:SimSun;\">Decis\u00e3o sobre quest\u00f5es relacionadas com os m\u00e9todos de sele\u00e7\u00e3o do Chefe do Executivo e de forma\u00e7\u00e3o do Conselho Legislativo em 2007 e 2008 e sobre quest\u00f5es relacionadas com o sufr\u00e1gio universal\", que declarou que Hong Kong pode aplicar o sufr\u00e1gio universal em<\/span><span style=\"line-height:2;font-size:14px;font-family:SimSun;\">2017<\/span><span style=\"line-height:2;font-size:14px;font-family:SimSun;\">Elei\u00e7\u00e3o do Chefe do Executivo por sufr\u00e1gio universal em 2012, ap\u00f3s a elei\u00e7\u00e3o do Chefe do Executivo por sufr\u00e1gio universal, nomeadamente<\/span><span style=\"line-height:2;font-size:14px;font-family:SimSun;\">2020<\/span><span style=\"line-height:2;font-size:14px;font-family:SimSun;\">Em 2007, todos os membros do Conselho Legislativo podem tamb\u00e9m ser eleitos por sufr\u00e1gio universal. (Fim)<\/span><span><\/p>\n<p><\/span><span style=\"line-height:2;font-size:14px;font-family:SimSun;\">(O texto e as imagens deste artigo foram sintetizados a partir de fontes online).<\/span>\n<\/p>\n<p class=\"MsoNormal\" style=\"text-indent:21.0pt;\">\n\t<span style=\"line-height:2;font-size:14px;font-family:SimSun;\"><br \/>\n<\/span><\/p>","protected":false},"excerpt":{"rendered":"<p>\u9999\u6e2f\u653f\u6539\u5f80\u4e8b &nbsp; &nbsp; 2015\u5e74<span class=\"excerpt-hellip\"> [...]<\/span><\/p>","protected":false},"author":1,"featured_media":0,"comment_status":"open","ping_status":"open","sticky":false,"template":"","format":"standard","meta":{"footnotes":""},"categories":[19],"tags":[],"class_list":["post-3409","post","type-post","status-publish","format-standard","hentry","category-current-politics"],"_links":{"self":[{"href":"https:\/\/www.yzzks.com\/pt\/wp-json\/wp\/v2\/posts\/3409","targetHints":{"allow":["GET"]}}],"collection":[{"href":"https:\/\/www.yzzks.com\/pt\/wp-json\/wp\/v2\/posts"}],"about":[{"href":"https:\/\/www.yzzks.com\/pt\/wp-json\/wp\/v2\/types\/post"}],"author":[{"embeddable":true,"href":"https:\/\/www.yzzks.com\/pt\/wp-json\/wp\/v2\/users\/1"}],"replies":[{"embeddable":true,"href":"https:\/\/www.yzzks.com\/pt\/wp-json\/wp\/v2\/comments?post=3409"}],"version-history":[{"count":1,"href":"https:\/\/www.yzzks.com\/pt\/wp-json\/wp\/v2\/posts\/3409\/revisions"}],"predecessor-version":[{"id":7519,"href":"https:\/\/www.yzzks.com\/pt\/wp-json\/wp\/v2\/posts\/3409\/revisions\/7519"}],"wp:attachment":[{"href":"https:\/\/www.yzzks.com\/pt\/wp-json\/wp\/v2\/media?parent=3409"}],"wp:term":[{"taxonomy":"category","embeddable":true,"href":"https:\/\/www.yzzks.com\/pt\/wp-json\/wp\/v2\/categories?post=3409"},{"taxonomy":"post_tag","embeddable":true,"href":"https:\/\/www.yzzks.com\/pt\/wp-json\/wp\/v2\/tags?post=3409"}],"curies":[{"name":"wp","href":"https:\/\/api.w.org\/{rel}","templated":true}]}}