{"id":3529,"date":"2023-07-07T21:24:03","date_gmt":"2023-07-07T13:24:03","guid":{"rendered":"http:\/\/yzzks.com\/index.php\/2023\/07\/07\/%e4%b8%ad%e8%8b%b1%e6%90%ba%e6%89%8b%e5%85%b3%e6%b3%a8%e5%ad%a4%e6%ae%8b%e5%84%bf%e7%ab%a5%e5%ae%b6%e5%ba%ad%e4%bc%98%e5%85%88-%e9%95%bf%e6%9c%9f%e5%ae%89%e7%bd%ae%e4%b9%8b%e8%b7%af\/"},"modified":"2024-03-15T10:17:48","modified_gmt":"2024-03-15T02:17:48","slug":"%e4%b8%ad%e8%8b%b1%e6%90%ba%e6%89%8b%e5%85%b3%e6%b3%a8%e5%ad%a4%e6%ae%8b%e5%84%bf%e7%ab%a5%e5%ae%b6%e5%ba%ad%e4%bc%98%e5%85%88-%e9%95%bf%e6%9c%9f%e5%ae%89%e7%bd%ae%e4%b9%8b%e8%b7%af","status":"publish","type":"post","link":"https:\/\/www.yzzks.com\/pt\/latest-news\/3529\/","title":{"rendered":"A China e o Reino Unido juntam-se para se concentrarem nas crian\u00e7as \u00f3rf\u00e3s: realizou-se em Pequim a Confer\u00eancia Internacional \"As Fam\u00edlias Primeiro - O Caminho para a Coloca\u00e7\u00e3o a Longo Prazo"},"content":{"rendered":"<p class=\"MsoNormal\" align=\"left\" style=\"text-indent:2em;\">\n\t<span>Rep\u00f3rter Huang He Wen\/Fu 2016<\/span>apelido Nian<span>4<\/span>lua<span>12-14<\/span>data<span>,<\/span>Pela Federa\u00e7\u00e3o Chinesa de Trabalho Social e Cuidados para Crian\u00e7as<span>(Care for Children)<\/span>co-patrocinado<b>Semin\u00e1rio nacional sobre o trabalho das unidades de projeto em mat\u00e9ria de acolhimento familiar e encontro de interc\u00e2mbio de experi\u00eancias para representantes dos pais adoptivos - Confer\u00eancia \"Family First - The Road to Long-term Placement<\/b>Realizada em Pequim. O Presidente Honor\u00e1rio Real da Care for Children, o Pr\u00edncipe Michael (primo da Rainha), participar\u00e1 e discursar\u00e1 na confer\u00eancia, tal como os dirigentes relevantes do Minist\u00e9rio dos Assuntos Civis da China e o Vice-Presidente da Federa\u00e7\u00e3o Chinesa de Trabalho Social, Liu Liangyu.\n<\/p>\n<p class=\"MsoNormal\" align=\"left\" style=\"text-indent:2em;\">\n\t\n<\/p>\n<p class=\"MsoNormal\" style=\"text-indent:2em;\">\n\t<span> <\/span>\n<\/p>\n<p class=\"MsoNormal\" style=\"text-align:center;text-indent:2em;\">\n\t<span><br \/>\n<\/span>\n<\/p>\n<p class=\"MsoNormal\" style=\"text-align:center;text-indent:2em;\">\n\tO Pr\u00edncipe Michael do Reino Unido fez um discurso na cerim\u00f3nia de abertura\n<\/p>\n<p class=\"MsoNormal\" style=\"text-indent:2em;\">\n\t<span><br \/>\n<\/span>\n<\/p>\n<p class=\"MsoNormal\" style=\"text-indent:2em;\">\n\tNos \u00faltimos anos, as quest\u00f5es de bem-estar p\u00fablico das crian\u00e7as t\u00eam atra\u00eddo muita aten\u00e7\u00e3o de todas as esferas da vida, especialmente o crescimento das crian\u00e7as \u00f3rf\u00e3s e deficientes, que s\u00e3o ainda mais fracas no desenvolvimento social e nas empresas de bem-estar p\u00fablico. A Federa\u00e7\u00e3o Chinesa de Trabalho Social e a Organiza\u00e7\u00e3o Care for Children t\u00eam vindo a trabalhar em conjunto desde<span>2003<\/span>A coopera\u00e7\u00e3o em projectos de acolhimento familiar a longo prazo para crian\u00e7as \u00f3rf\u00e3s e deficientes tem sido levada a cabo h\u00e1 v\u00e1rios anos. Em termos cumulativos, prest\u00e1mos acolhimento a longo prazo a mais de 20 000 crian\u00e7as de institui\u00e7\u00f5es de assist\u00eancia social do pa\u00eds.<span>5000<\/span>A forma\u00e7\u00e3o foi efectuada em v\u00e1rias sess\u00f5es que abrangeram todo o pa\u00eds.<span>31<\/span>O programa proporcionou a dezenas de milhares de \u00f3rf\u00e3os a oportunidade de voltarem a ser cuidados e acolhidos pelas suas fam\u00edlias. A fam\u00edlia \u00e9 uma parte importante da sociedade e \u00e9 tamb\u00e9m o porto mais apropriado para uma crian\u00e7a crescer.\n<\/p>\n<p class=\"MsoNormal\" style=\"text-indent:2em;\">\n\t\n<\/p>\n<p class=\"MsoNormal\" style=\"text-indent:2em;\">\n\t<span> <\/span>\n<\/p>\n<p class=\"MsoNormal\" style=\"text-align:center;text-indent:2em;\">\n\t<span><br \/>\n<\/span>\n<\/p>\n<p class=\"MsoNormal\" style=\"text-align:center;text-indent:2em;\">\n\t<span>Xu Jianzhong, Diretor-Geral Adjunto do Departamento de Assist\u00eancia Social e Promo\u00e7\u00e3o da Caridade, Minist\u00e9rio dos Assuntos Civis, proferiu um discurso.<br \/>\n<\/span>\n<\/p>\n<p class=\"MsoNormal\" style=\"text-indent:2em;\">\n\t<span><br \/>\n<\/span>\n<\/p>\n<p class=\"MsoNormal\" style=\"text-indent:2em;\">\n\tRep\u00f3rter Huang He Wen \/ Figura Nesta confer\u00eancia, foram convidados peritos chineses e estrangeiros para debater o crescimento da fam\u00edlia e das crian\u00e7as. Em conjunto com a situa\u00e7\u00e3o atual da sociedade e das fam\u00edlias chinesas, debateram a dire\u00e7\u00e3o real do desenvolvimento da futura coloca\u00e7\u00e3o de crian\u00e7as. Espera-se que este semin\u00e1rio permita que um maior n\u00famero de crian\u00e7as \u00f3rf\u00e3s receba melhores cuidados e calor familiar, e tamb\u00e9m que o sector promova um maior leque de interc\u00e2mbios e coopera\u00e7\u00e3o profissional.\n<\/p>\n<p class=\"MsoNormal\" style=\"text-indent:2em;\">\n\t\n<\/p>\n<p class=\"MsoNormal\" style=\"text-align:center;text-indent:2em;\">\n<p class=\"MsoNormal\" style=\"text-align:center;text-indent:2em;\">\n\tO local da reuni\u00e3o\n<\/p>\n<p class=\"MsoNormal\" style=\"text-indent:2em;\">\n\t\n<\/p>\n<p style=\"text-indent:2em;\">\n\tNesta sess\u00e3o, o Professor Ian Milligan, do Reino Unido, que tem tido um grande impacto no dom\u00ednio dos cuidados infantis internacionais, ir\u00e1 explorar com os participantes as quest\u00f5es e os desafios das coloca\u00e7\u00f5es a longo prazo, enquanto Tim Gerrish, um especialista internacional em prote\u00e7\u00e3o infantil, partilha a sua experi\u00eancia em mat\u00e9ria de seguran\u00e7a e tutela de crian\u00e7as. O Professor Tong Xiaojun, da China, discutir\u00e1 a hist\u00f3ria do sistema de acolhimento familiar da China; o Professor Li Hui falar\u00e1 sobre a avalia\u00e7\u00e3o e a pr\u00e1tica do desenvolvimento na primeira inf\u00e2ncia e o Professor Zeng Fanlin, que tem muitos anos de pr\u00e1tica de investiga\u00e7\u00e3o na linha da frente, discutir\u00e1 a coloca\u00e7\u00e3o a longo prazo e a integra\u00e7\u00e3o social do acolhimento familiar para crian\u00e7as \u00f3rf\u00e3s na China. Du Yong, Diretor da Institui\u00e7\u00e3o de Bem-Estar das Crian\u00e7as de Ningxia, partilhou a pr\u00e1tica da coloca\u00e7\u00e3o a longo prazo de crian\u00e7as \u00f3rf\u00e3s em fam\u00edlias de acolhimento, tendo como ponto de partida a maximiza\u00e7\u00e3o dos interesses das crian\u00e7as.<\/p>","protected":false},"excerpt":{"rendered":"<p>\u8bb0\u8005 \u9ec4\u8d6b \u6587\/\u56fe &nbsp;2016\u5e744\u670812-<span class=\"excerpt-hellip\"> [...]<\/span><\/p>","protected":false},"author":1,"featured_media":0,"comment_status":"open","ping_status":"open","sticky":false,"template":"","format":"standard","meta":{"footnotes":""},"categories":[17],"tags":[],"class_list":["post-3529","post","type-post","status-publish","format-standard","hentry","category-latest-news"],"_links":{"self":[{"href":"https:\/\/www.yzzks.com\/pt\/wp-json\/wp\/v2\/posts\/3529","targetHints":{"allow":["GET"]}}],"collection":[{"href":"https:\/\/www.yzzks.com\/pt\/wp-json\/wp\/v2\/posts"}],"about":[{"href":"https:\/\/www.yzzks.com\/pt\/wp-json\/wp\/v2\/types\/post"}],"author":[{"embeddable":true,"href":"https:\/\/www.yzzks.com\/pt\/wp-json\/wp\/v2\/users\/1"}],"replies":[{"embeddable":true,"href":"https:\/\/www.yzzks.com\/pt\/wp-json\/wp\/v2\/comments?post=3529"}],"version-history":[{"count":3,"href":"https:\/\/www.yzzks.com\/pt\/wp-json\/wp\/v2\/posts\/3529\/revisions"}],"predecessor-version":[{"id":7707,"href":"https:\/\/www.yzzks.com\/pt\/wp-json\/wp\/v2\/posts\/3529\/revisions\/7707"}],"wp:attachment":[{"href":"https:\/\/www.yzzks.com\/pt\/wp-json\/wp\/v2\/media?parent=3529"}],"wp:term":[{"taxonomy":"category","embeddable":true,"href":"https:\/\/www.yzzks.com\/pt\/wp-json\/wp\/v2\/categories?post=3529"},{"taxonomy":"post_tag","embeddable":true,"href":"https:\/\/www.yzzks.com\/pt\/wp-json\/wp\/v2\/tags?post=3529"}],"curies":[{"name":"wp","href":"https:\/\/api.w.org\/{rel}","templated":true}]}}