{"id":3790,"date":"2023-07-07T21:25:17","date_gmt":"2023-07-07T13:25:17","guid":{"rendered":"http:\/\/yzzks.com\/index.php\/2023\/07\/07\/%e7%a1%ac%e9%aa%a8%e5%a4%b4%ef%bc%9a%e5%8d%a1%e6%96%af%e7%89%b9%e7%bd%97\/"},"modified":"2024-03-15T10:26:03","modified_gmt":"2024-03-15T02:26:03","slug":"%e7%a1%ac%e9%aa%a8%e5%a4%b4%ef%bc%9a%e5%8d%a1%e6%96%af%e7%89%b9%e7%bd%97","status":"publish","type":"post","link":"https:\/\/www.yzzks.com\/pt\/asian-newsmakers\/3790\/","title":{"rendered":"\"Hardcore\": Castro"},"content":{"rendered":"<p class=\"MsoNormal\" style=\"text-indent:2em;\">\n\t<span style=\"line-height:1.5;\">No S\u00e9timo Congresso do Partido Paleocomunista, realizado h\u00e1 alguns meses, os quase<\/span><span style=\"line-height:1.5;\">90<\/span><span style=\"line-height:1.5;\">ano (de colheitas)<\/span><span style=\"line-height:1.5;\">Fidel Castro, o l\u00edder m\u00e1ximo da Revolu\u00e7\u00e3o Cubana, proferiu um discurso bastante valioso: \"Em breve atingirei a idade de<\/span><span style=\"line-height:1.5;\">90<\/span><span style=\"line-height:1.5;\">A idade. Em breve, serei como todos os outros. Todos n\u00f3s enfrentaremos esse momento\".<\/span>\n<\/p>\n<p class=\"MsoNormal\" style=\"text-indent:2em;\">\n\t<span>&nbsp;<\/span>\n<\/p>\n<p class=\"MsoNormal\" style=\"text-indent:2em;\">\n\tAparentemente prof\u00e9tico, segundo os meios de comunica\u00e7\u00e3o cubanos<span>26<\/span>As not\u00edcias do dia, Castro na hora local<span>25<\/span>Faleceu na noite do mesmo dia. Uma lenda de uma gera\u00e7\u00e3o, que se foi.\n<\/p>\n<p class=\"MsoNormal\" style=\"text-indent:2em;\">\n\t\n<\/p>\n<p class=\"MsoNormal\" style=\"text-align:center;text-indent:2em;\">\n<p class=\"MsoNormal\" style=\"text-indent:2em;\">\n\t<span>&nbsp;<\/span>\n<\/p>\n<p class=\"MsoNormal\" style=\"text-indent:2em;\">\n\t<strong>O \"n\u00facleo duro\" que luta pelos seus ideais.<\/strong>\n<\/p>\n<p class=\"MsoNormal\" style=\"text-indent:2em;\">\n\t<span>&nbsp;<\/span>\n<\/p>\n<p class=\"MsoNormal\" style=\"text-indent:2em;\">\n\tFidel Castro<span>1926<\/span>apelido Nian<span>8<\/span>lua<span>13<\/span>Nasceu na cidade de Vil\u00e1n, prov\u00edncia de Holgu\u00edn, Cuba, em<span>1950<\/span>Doutorou-se em Direito pela Universidade de Havana em 2007.\n<\/p>\n<p class=\"MsoNormal\" style=\"text-indent:2em;\">\n\t<span>&nbsp;<\/span>\n<\/p>\n<p class=\"MsoNormal\" style=\"text-indent:2em;\">\n\t<span>1959<\/span>Ano.<span>30<\/span>Dois anos mais tarde, Castro declarou o in\u00edcio da revolu\u00e7\u00e3o socialista em Cuba, depois de a revolta liderada por ele no in\u00edcio da adolesc\u00eancia ter derrubado a ditadura pr\u00f3-americana de Batista e estabelecido um governo revolucion\u00e1rio. Desde ent\u00e3o, as sementes do socialismo enraizaram-se nesta terra das Cara\u00edbas.\n<\/p>\n<p class=\"MsoNormal\" style=\"text-indent:2em;\">\n\t<span>&nbsp;<\/span>\n<\/p>\n<p class=\"MsoNormal\" style=\"text-indent:2em;\">\n\t<span>1957<\/span>Em 2007, Castro, que era um l\u00edder da guerrilha cubana, estava com os seus camaradas.\n<\/p>\n<p class=\"MsoNormal\" style=\"text-indent:2em;\">\n\t<span>&nbsp;<\/span>\n<\/p>\n<p class=\"MsoNormal\" style=\"text-indent:2em;\">\n\tNo entanto, o caminho para o socialismo em Cuba n\u00e3o tem sido f\u00e1cil.\n<\/p>\n<p class=\"MsoNormal\" style=\"text-indent:2em;\">\n\t<span>&nbsp;<\/span>\n<\/p>\n<p class=\"MsoNormal\" style=\"text-indent:2em;\">\n\t<span>1961<\/span>Em 2007, ap\u00f3s a rutura das rela\u00e7\u00f5es diplom\u00e1ticas com Cuba, os Estados Unidos lan\u00e7aram a infame opera\u00e7\u00e3o \"Ba\u00eda dos Porcos\", na qual apoiaram o desembarque de mercen\u00e1rios cubanos na Ba\u00eda dos Porcos, numa tentativa de derrubar pela for\u00e7a o regime revolucion\u00e1rio cubano.\n<\/p>\n<p class=\"MsoNormal\" style=\"text-indent:2em;\">\n\t<span>&nbsp;<\/span>\n<\/p>\n<p class=\"MsoNormal\" style=\"text-indent:2em;\">\n\tUm ano mais tarde, o ent\u00e3o Presidente dos Estados Unidos, John F. Kennedy, assinou um decreto que marcava o in\u00edcio oficial do embargo comercial e do bloqueio econ\u00f3mico dos Estados Unidos contra Cuba, que durava h\u00e1 meio s\u00e9culo.\n<\/p>\n<p class=\"MsoNormal\" style=\"text-indent:2em;\">\n\t<span><br \/>\n<\/span>\n<\/p>\n<p class=\"MsoNormal\" style=\"text-indent:2em;\">\n\t<span>1960<\/span>apelido Nian<span>9<\/span>Em janeiro, Castro fez um discurso na Assembleia Geral da ONU que durou<span>4<\/span>horas<span>29<\/span>Os Estados Unidos da Am\u00e9rica foram condenados numa maratona de discursos que durou 10 minutos.\n<\/p>\n<p class=\"MsoNormal\" style=\"text-indent:2em;\">\n\t<span>&nbsp;<\/span>\n<\/p>\n<p class=\"MsoNormal\" style=\"text-indent:2em;\">\n\tNessa altura, Cuba encontrava-se em pleno per\u00edodo de desintegra\u00e7\u00e3o, sob o embargo e o bloqueio dos Estados Unidos, com as car\u00eancias econ\u00f3micas a agravarem-se, e Fidel Castro conduzia o povo cubano a ultrapassar lentamente as dificuldades em condi\u00e7\u00f5es t\u00e3o dif\u00edceis.\n<\/p>\n<p class=\"MsoNormal\" style=\"text-indent:2em;\">\n\t<span>&nbsp;<\/span>\n<\/p>\n<p class=\"MsoNormal\" style=\"text-indent:2em;\">\n\t\"Naqueles tempos, todos os anos, quando a colheita da cana-de-a\u00e7\u00facar estava em pleno andamento, Castro pegava na sua catana e ia para os campos cortar a cana-de-a\u00e7\u00facar com os agricultores.\" Pensando no s\u00e9culo passado<span>60<\/span>Xu Shicheng, investigador do Instituto de Estudos Latino-Americanos da Academia de Ci\u00eancias Sociais, que estudou em Cuba durante a d\u00e9cada de 1960, disse com emo\u00e7\u00e3o: \"Todos os anos, n\u00f3s, estudantes estrangeiros, segu\u00edamos os cortadores de cana-de-a\u00e7\u00facar e pod\u00edamos ver Castro a misturar-se com as massas, sem qualquer atitude e com uma cordialidade particular\".\n<\/p>\n<p class=\"MsoNormal\" style=\"text-indent:2em;\">\n\t<span>&nbsp;<\/span>\n<\/p>\n<p class=\"MsoNormal\" style=\"text-indent:2em;\">\n\ts\u00e9culo passado<span>90<\/span>Na d\u00e9cada de 1990, a paisagem mundial mudou radicalmente com o colapso da Uni\u00e3o Sovi\u00e9tica e as mudan\u00e7as dram\u00e1ticas na Europa de Leste. Muitos pol\u00edticos ocidentais previram que, sem o apoio da Uni\u00e3o Sovi\u00e9tica e com a pol\u00edtica dos Estados Unidos de \"press\u00e3o para a mudan\u00e7a\", o regime revolucion\u00e1rio cubano cairia em breve.\n<\/p>\n<p class=\"MsoNormal\" style=\"text-indent:2em;\">\n\t\n<\/p>\n<p class=\"MsoNormal\" style=\"text-align:center;text-indent:2em;\">\n<p class=\"MsoNormal\" style=\"text-indent:2em;\">\n\t<span>&nbsp;<\/span>\n<\/p>\n<p class=\"MsoNormal\" style=\"text-indent:2em;\">\n\tLiu Yuqin, antigo embaixador chin\u00eas em Cuba, recordou: \"Aqueles de n\u00f3s que residiram em Cuba, incluindo muitas miss\u00f5es ocidentais, sentem que Castro \u00e9 particularmente autorit\u00e1rio e que o povo cubano o respeita do fundo do cora\u00e7\u00e3o\". Os cubanos t\u00eam de trabalhar em conjunto para ultrapassar as dificuldades. Isto \u00e9<span>90<\/span>Era a mensagem primordial de Castro para o p\u00fablico cubano\".\n<\/p>\n<p class=\"MsoNormal\" style=\"text-indent:2em;\">\n\t<span>&nbsp;<\/span>\n<\/p>\n<p class=\"MsoNormal\" style=\"text-indent:2em;\">\n\t<span>1994<\/span>apelido Nian<span>8<\/span>lua<span>5<\/span>A situa\u00e7\u00e3o era tensa no domingo, quando centenas de apoiantes e opositores de Fidel Castro se reuniram no passeio mar\u00edtimo da capital Havana para uma marcha. Quando os confrontos entre as duas partes se intensificaram, Castro chegou sozinho. Surpreendentemente, sem uma palavra, a chegada de Castro desactivou a luta. Tanto os apoiantes como os opositores pousaram as pedras e os paus, puseram de lado as suas posi\u00e7\u00f5es e entoaram o nome de Castro: \"Fidel! Fidel!\"\n<\/p>\n<p class=\"MsoNormal\" style=\"text-indent:2em;\">\n\t<span>&nbsp;<\/span>\n<\/p>\n<p class=\"MsoNormal\" style=\"text-indent:2em;\">\n\tSob a lideran\u00e7a de Fidel Castro, Cuba continuou a lutar contra a maior pot\u00eancia mundial, prosseguindo a sua pr\u00f3pria via de desenvolvimento face \u00e0s dificuldades econ\u00f3micas. Embora a for\u00e7a deste confronto seja muito diferente, o \"esp\u00edrito de luta\" que Cuba demonstrou para preservar a sua soberania e independ\u00eancia uniu a for\u00e7a do seu povo e foi admirado em todo o mundo.\n<\/p>\n<p class=\"MsoNormal\" style=\"text-indent:2em;\">\n\t<span>&nbsp;<\/span>\n<\/p>\n<p class=\"MsoNormal\" style=\"text-indent:2em;\">\n\t<span>&nbsp;<\/span>\n<\/p>\n<p class=\"MsoNormal\" style=\"text-indent:2em;\">\n\t<span>&nbsp;<\/span>\n<\/p>\n<p class=\"MsoNormal\" style=\"text-indent:2em;\">\n\tatrav\u00e9s de (uma abertura)<span>1992<\/span>Desde 2007, a Assembleia Geral das Na\u00e7\u00f5es Unidas tem votado todos os anos uma resolu\u00e7\u00e3o que apela aos Estados Unidos para que levantem o embargo contra Cuba. No ano passado<span>10<\/span>Nas sondagens do m\u00eas de<span>191<\/span>Tr\u00eas pa\u00edses votaram a favor, apenas os Estados Unidos e o seu aliado, Israel, se abstiveram.\n<\/p>\n<p class=\"MsoNormal\" style=\"text-indent:2em;\">\n\t<span>&nbsp;<\/span>\n<\/p>\n<p class=\"MsoNormal\" style=\"text-indent:2em;\">\n\t<strong>\u258b tinha sido planeado para ser assassinado<\/strong><span><strong>638<\/strong><\/span><strong>lenda do subprime<\/strong>\n<\/p>\n<p class=\"MsoNormal\" style=\"text-indent:2em;\">\n\t<span>&nbsp;<\/span>\n<\/p>\n<p class=\"MsoNormal\" style=\"text-indent:2em;\">\n\tCastro foi provavelmente o homem mais assassinado do mundo, e h\u00e1 rumores de que foi planeado para ser assassinado at\u00e9<span>638<\/span>O n\u00famero de assassinatos \u00e9 o mais elevado de todos os l\u00edderes. Castro disse uma vez: \"Se os Jogos Ol\u00edmpicos tivessem uma categoria para o n\u00famero de assassinatos sofridos, eu seria o campe\u00e3o absoluto. O facto de eu estar vivo hoje deve-se inteiramente \u00e0 culpa da CIA americana\".\n<\/p>\n<p class=\"MsoNormal\" style=\"text-indent:2em;\">\n\t<span>&nbsp;<\/span>\n<\/p>\n<p class=\"MsoNormal\" style=\"text-indent:2em;\">\n\t<span>1961<\/span>Depois de Castro ter declarado Cuba um pa\u00eds socialista em 2007, Castro tornou-se um espinho no lado dos EUA (especialmente da CIA), uma vez que os EUA se tornaram hostis a Cuba e embargaram o pa\u00eds, querendo livrar-se dele - mesmo at\u00e9 \u00e0<span>2000<\/span>A CIA continua a efetuar assassinatos contra ele. Os m\u00e9todos de assass\u00ednio s\u00e3o ainda mais variados.\n<\/p>\n<p class=\"MsoNormal\" style=\"text-indent:2em;\">\n\t<span>&nbsp;<\/span>\n<\/p>\n<p class=\"MsoNormal\" style=\"text-indent:2em;\">\n\tComo Castro adorava charutos, a CIA aproveitou a oportunidade para inventar um charuto que explodia instantaneamente quando aceso, para ser enviado a Castro como prenda de anivers\u00e1rio. Mas antes que este plano pudesse funcionar.<span>1985<\/span>Em 2007, Castro declarou: \"Para o bem do povo cubano, deixo de fumar o meu charuto preferido.\n<\/p>\n<p class=\"MsoNormal\" style=\"text-indent:2em;\">\n\t<span>&nbsp;<\/span>\n<\/p>\n<p class=\"MsoNormal\" style=\"text-indent:2em;\">\n\tCastro gostava de mergulhar ao largo da costa cubana, e a CIA trabalhou nos moluscos da costa. Queriam encontrar uma concha que pudesse conter explosivos mortais suficientes, que depois pintariam com cores brilhantes para atrair a aten\u00e7\u00e3o de Castro e deton\u00e1-la quando ele estivesse por perto. Esta op\u00e7\u00e3o foi alegadamente considerada pela administra\u00e7\u00e3o Clinton, mas acabou por n\u00e3o ter \u00eaxito.<span>&nbsp;<\/span>\n<\/p>\n<p class=\"MsoNormal\" style=\"text-indent:2em;\">\n\t<span>&nbsp;<\/span>\n<\/p>\n<p class=\"MsoNormal\" style=\"text-indent:2em;\">\n\tA rainha da beleza da CIA tamb\u00e9m o tentou. Por acaso, a CIA recrutou a ex-amante de Castro, e a ex-amante aproximou-se de Castro. Castro soube desde logo o que ela andava a tramar, sacou de uma pistola e entregou-lha, mas a amante disse-lhe: \"N\u00e3o posso, Fidel\".\n<\/p>\n<p class=\"MsoNormal\" style=\"text-indent:2em;\">\n\t<span>&nbsp;<\/span>\n<\/p>\n<p class=\"MsoNormal\" style=\"text-indent:2em;\">\n\tHouve tamb\u00e9m fatos de mergulho com fungos, assassinatos da m\u00e1fia, etc., e a CIA tentou tudo o que p\u00f4de imaginar - mas estes planos foram todos abortados sem exce\u00e7\u00e3o. Diz-se que o Presidente dos Estados Unidos da Am\u00e9rica, mas n\u00e3o Castro.<span>11<\/span>Todos os presidentes dos EUA tentaram eliminar este \"espinho\", mas sem sucesso.\n<\/p>\n<p class=\"MsoNormal\" style=\"text-indent:2em;\">\n\t\n<\/p>\n<p class=\"MsoNormal\" style=\"text-indent:2em;\">\n\t<strong>Velho amigo do povo chin\u00eas<\/strong>\n<\/p>\n<p class=\"MsoNormal\" style=\"text-indent:2em;\">\n\t<span>&nbsp;<\/span>\n<\/p>\n<p class=\"MsoNormal\" style=\"text-indent:2em;\">\n\tCastro \u00e9 um velho amigo do povo chin\u00eas e estabeleceu uma profunda amizade com v\u00e1rias gera\u00e7\u00f5es de dirigentes chineses.\n<\/p>\n<p class=\"MsoNormal\" style=\"text-indent:2em;\">\n\t<span>&nbsp;<\/span>\n<\/p>\n<p class=\"MsoNormal\" style=\"text-indent:2em;\">\n\t<span>2008<\/span>apelido Nian<span>3<\/span>Na edi\u00e7\u00e3o chinesa da biografia das entrevistas de Castro: A Minha Vida, publicada em janeiro, no pref\u00e1cio, Ao Povo Chin\u00eas, Castro escreveu: \"A revolu\u00e7\u00e3o tornou os dois povos irm\u00e3os, lado a lado na luta pelo socialismo\".\n<\/p>\n<p class=\"MsoNormal\" style=\"text-indent:2em;\">\n\t<span>&nbsp;<\/span>\n<\/p>\n<p class=\"MsoNormal\" style=\"text-indent:2em;\">\n\tCuba foi o primeiro pa\u00eds latino-americano a estabelecer rela\u00e7\u00f5es diplom\u00e1ticas com a China.<span>1960<\/span>apelido Nian<span>9<\/span>lua<span>28<\/span>No mesmo dia, a China e Cuba anunciaram o estabelecimento formal de rela\u00e7\u00f5es diplom\u00e1ticas.\n<\/p>\n<p class=\"MsoNormal\" style=\"text-indent:2em;\">\n\t<span>&nbsp;<\/span>\n<\/p>\n<p class=\"MsoNormal\" style=\"text-indent:2em;\">\n\t<span>1995<\/span>Castro, na qualidade de Primeiro Secret\u00e1rio do Partido Comunista de Cuba, efectuou a sua primeira visita \u00e0 China em 2007. A visita durou<span>8<\/span>Os dias eram longos, durante os quais visitava Pequim, Xi'an, Xangai, Shenzhen, Guangzhou, etc.<span>5<\/span>A cidade. Quando Castro chegou a Xangai, muitas pessoas vieram espontaneamente para a rua para dar as boas-vindas ao convidado de longe, querendo testemunhar o estilo deste dur\u00e3o latino-americano, uma cena que o deixou muito comovido.\n<\/p>\n<p class=\"MsoNormal\" style=\"text-indent:2em;\">\n\t<span>&nbsp;<\/span>\n<\/p>\n<p class=\"MsoNormal\" style=\"text-indent:2em;\">\n\t<span>1999<\/span>Em 2007, o furac\u00e3o Irene devastou Cuba, causando uma interrup\u00e7\u00e3o maci\u00e7a e prolongada do fornecimento de eletricidade \u00e0 capital, Havana. Pouco depois da tempestade, Castro deslocou-se \u00e0 Embaixada da China para se informar sobre os estragos. Quando soube que a embaixada tinha ficado sem eletricidade<span>26<\/span>Mais de uma hora depois, Castro ainda n\u00e3o tinha dito uma palavra. Para nossa surpresa, alguns dias depois, o antigo governo enviou um gerador para a embaixada chinesa.\n<\/p>\n<p class=\"MsoNormal\" style=\"text-indent:2em;\">\n\t<span>&nbsp;<\/span>\n<\/p>\n<p class=\"MsoNormal\" style=\"text-indent:2em;\">\n\t\"O \u00faltimo s\u00e9culo<span>90<\/span>A economia cubana era particularmente dif\u00edcil na d\u00e9cada de 1970, mas, nessas condi\u00e7\u00f5es, Castro, como l\u00edder m\u00e1ximo de Cuba, ainda pensava no pessoal da Embaixada da China e queria proporcionar-nos melhores condi\u00e7\u00f5es de trabalho e de vida, o que \u00e9 bastante comovente quando penso nisso agora\", recordou Liu Yuqin, \"At\u00e9 agora, este gerador ainda est\u00e1 na Embaixada da China e, ocasionalmente, pode ser utilizado. E, ocasionalmente, d\u00e1 jeito, tornando-se uma testemunha de uma era\".\n<\/p>\n<p class=\"MsoNormal\" style=\"text-indent:2em;\">\n\t<span>&nbsp;<\/span>\n<\/p>\n<p class=\"MsoNormal\" style=\"text-indent:2em;\">\n\t<strong>Discurso final de despedida<\/strong>\n<\/p>\n<p class=\"MsoNormal\" style=\"text-indent:2em;\">\n\t<span>&nbsp;<\/span>\n<\/p>\n<p class=\"MsoNormal\" style=\"text-indent:2em;\">\n\tano passado<span>4<\/span>Em janeiro, Castro proferiu um discurso na cerim\u00f3nia de encerramento do S\u00e9timo Congresso Nacional do Partido Comunista Cubano - \"Porque me tornei comunista?\n<\/p>\n<p class=\"MsoNormal\" style=\"text-indent:2em;\">\n\t<span>&nbsp;<\/span>\n<\/p>\n<p class=\"MsoNormal\" style=\"text-align:center;text-indent:2em;\">\n\t<span>&nbsp;<\/span>\n<\/p>\n<p class=\"MsoNormal\" style=\"text-indent:2em;\">\n\t<span>&nbsp;<\/span>\n<\/p>\n<p class=\"MsoNormal\" style=\"text-indent:2em;\">\n\t\"Estou prestes a completar o ano<span>90<\/span>A idade. Em breve, serei como todos os outros. Todos n\u00f3s enfrentaremos esse momento\".\n<\/p>\n<p class=\"MsoNormal\" style=\"text-indent:2em;\">\n\t<span>&nbsp;<\/span>\n<\/p>\n<p class=\"MsoNormal\" style=\"text-indent:2em;\">\n\t\"Mas os ideais dos comunistas cubanos permanecer\u00e3o intactos e continuar\u00e3o a provar neste planeta que, se as pessoas trabalharem arduamente e com dignidade, podem produzir os bens materiais e culturais de que a humanidade necessita. Temos de continuar a lutar sem parar por isso\".\n<\/p>\n<p class=\"MsoNormal\" style=\"text-indent:2em;\">\n\t<span>&nbsp;<\/span>\n<\/p>\n<p class=\"MsoNormal\" style=\"text-indent:2em;\">\n\tEste discurso tornou-se o \u00faltimo \"discurso de despedida\" de Castro.\n<\/p>\n<p class=\"MsoNormal\" style=\"text-indent:2em;\">\n\t<span>&nbsp;<\/span>\n<\/p>\n<p class=\"MsoNormal\" style=\"text-indent:2em;\">\n\tDesde a lideran\u00e7a da Revolu\u00e7\u00e3o Cubana at\u00e9 \u00e0 lideran\u00e7a da evolu\u00e7\u00e3o de Cuba para a riqueza e o poder, Castro \u00e9 \"um homem barbudo que n\u00e3o tem medo, que n\u00e3o pode ser esmagado, que n\u00e3o pode ser derrotado\", e \u00e9 um her\u00f3i aos olhos do povo cubano.\n<\/p>\n<p class=\"MsoNormal\" style=\"text-indent:2em;\">\n\t<span>&nbsp;<\/span>\n<\/p>\n<p class=\"MsoNormal\" style=\"text-indent:2em;\">\n\t\"Eu estou com<span>82<\/span>indiv\u00edduos para iniciarmos juntos uma revolu\u00e7\u00e3o. Se tiver de o fazer de novo, f\u00e1-lo-ei com convic\u00e7\u00e3o e<span>10<\/span>talvez<span>15<\/span>Os indiv\u00edduos fazem-no em conjunto. N\u00e3o importa qu\u00e3o pequena seja a equipa, desde que haja uma convic\u00e7\u00e3o e um plano de a\u00e7\u00e3o.\"\n<\/p>\n<p class=\"MsoNormal\" style=\"text-indent:2em;\">\n\t<span>&nbsp;<\/span>\n<\/p>\n<p class=\"MsoNormal\" style=\"text-indent:2em;\">\n\t\"A revolu\u00e7\u00e3o n\u00e3o \u00e9 um mar de rosas, a revolu\u00e7\u00e3o \u00e9 uma luta entre o futuro e o passado\".\n<\/p>\n<p class=\"MsoNormal\" style=\"text-indent:2em;\">\n\t<span>&nbsp;<\/span>\n<\/p>\n<p class=\"MsoNormal\" style=\"text-indent:2em;\">\n\tCastro pegou no seu zelo revolucion\u00e1rio e levou-o para toda a vida.\n<\/p>\n<p class=\"MsoNormal\" style=\"text-indent:2em;\">\n\t<span>&nbsp;<\/span>\n<\/p>\n<p class=\"MsoNormal\" style=\"text-indent:2em;\">\n\t\"Acabarei por partir, mas o ideal \u00e9 imortal!\"\n<\/p>\n<p class=\"MsoNormal\" style=\"text-indent:2em;\">\n\t<span>&nbsp;<\/span>\n<\/p>\n<p class=\"MsoNormal\" style=\"text-indent:2em;\">\n\t<span style=\"color:#333333;\">(O material deste artigo foi sintetizado por Peak Ridge do People's Daily, Xinhua News Agency, Phoenix.com e Global Times, com imagens da Internet).<\/span><\/p>","protected":false},"excerpt":{"rendered":"<p>\u5728\u51e0\u4e2a\u6708\u524d\u7684\u53e4\u5171\u4e03\u5927\u4e0a\uff0c\u8fd190\u5c81\u9ad8\u9f84\u7684\u53e4\u5df4\u9769\u547d\u9886\u8896\u83f2<span class=\"excerpt-hellip\"> [...]<\/span><\/p>","protected":false},"author":1,"featured_media":0,"comment_status":"open","ping_status":"open","sticky":false,"template":"","format":"standard","meta":{"footnotes":""},"categories":[11],"tags":[],"class_list":["post-3790","post","type-post","status-publish","format-standard","hentry","category-asian-newsmakers"],"_links":{"self":[{"href":"https:\/\/www.yzzks.com\/pt\/wp-json\/wp\/v2\/posts\/3790","targetHints":{"allow":["GET"]}}],"collection":[{"href":"https:\/\/www.yzzks.com\/pt\/wp-json\/wp\/v2\/posts"}],"about":[{"href":"https:\/\/www.yzzks.com\/pt\/wp-json\/wp\/v2\/types\/post"}],"author":[{"embeddable":true,"href":"https:\/\/www.yzzks.com\/pt\/wp-json\/wp\/v2\/users\/1"}],"replies":[{"embeddable":true,"href":"https:\/\/www.yzzks.com\/pt\/wp-json\/wp\/v2\/comments?post=3790"}],"version-history":[{"count":3,"href":"https:\/\/www.yzzks.com\/pt\/wp-json\/wp\/v2\/posts\/3790\/revisions"}],"predecessor-version":[{"id":8562,"href":"https:\/\/www.yzzks.com\/pt\/wp-json\/wp\/v2\/posts\/3790\/revisions\/8562"}],"wp:attachment":[{"href":"https:\/\/www.yzzks.com\/pt\/wp-json\/wp\/v2\/media?parent=3790"}],"wp:term":[{"taxonomy":"category","embeddable":true,"href":"https:\/\/www.yzzks.com\/pt\/wp-json\/wp\/v2\/categories?post=3790"},{"taxonomy":"post_tag","embeddable":true,"href":"https:\/\/www.yzzks.com\/pt\/wp-json\/wp\/v2\/tags?post=3790"}],"curies":[{"name":"wp","href":"https:\/\/api.w.org\/{rel}","templated":true}]}}