{"id":3799,"date":"2023-07-07T21:25:17","date_gmt":"2023-07-07T13:25:17","guid":{"rendered":"http:\/\/yzzks.com\/index.php\/2023\/07\/07\/%e8%80%83%e9%aa%8c%e6%99%ae%e4%ba%ac%e5%90%8c%e5%bf%97%e7%9a%84%e6%97%b6%e5%80%99%e5%88%b0%e4%ba%86\/"},"modified":"2024-03-15T10:22:26","modified_gmt":"2024-03-15T02:22:26","slug":"%e8%80%83%e9%aa%8c%e6%99%ae%e4%ba%ac%e5%90%8c%e5%bf%97%e7%9a%84%e6%97%b6%e5%80%99%e5%88%b0%e4%ba%86","status":"publish","type":"post","link":"https:\/\/www.yzzks.com\/pt\/current-politics\/3799\/","title":{"rendered":"\u00c9 altura de p\u00f4r \u00e0 prova o camarada Putin"},"content":{"rendered":"<p class=\"MsoNormal\" style=\"text-align:left;text-indent:2em;\">\n\t<span style=\"line-height:1.5;\">Wen \u4e28 vaca a tocar piano<\/span>\n<\/p>\n<p class=\"MsoNormal\" style=\"text-indent:2em;\">\n\t<span>&nbsp;<\/span>\n<\/p>\n<p class=\"MsoNormal\" style=\"text-indent:2em;\">\n\tPutin lamenta que o embaixador titular da R\u00fassia na Turquia tenha sido baleado em plena luz do dia.\n<\/p>\n<p class=\"MsoNormal\" style=\"text-indent:2em;\">\n\t<span>&nbsp;<\/span>\n<\/p>\n<p class=\"MsoNormal\" style=\"text-indent:2em;\">\n\tO assassino era t\u00e3o arrogante que se aproximou descaradamente do embaixador russo \u00e0 queima-roupa e abriu fogo, deixando o corpo de Karloff no local, encharcado de sangue.\n<\/p>\n<p class=\"MsoNormal\" style=\"text-indent:2em;\">\n\t<span><br \/>\n<\/span>\n<\/p>\n<p class=\"MsoNormal\" style=\"text-indent:2em;\">\n\tOs atiradores tamb\u00e9m gritaram slogans no local: \"N\u00e3o esque\u00e7am Aleppo, n\u00e3o esque\u00e7am a S\u00edria. (repetir). A nossa terra n\u00e3o \u00e9 segura, e voc\u00eas tamb\u00e9m n\u00e3o ser\u00e3o. Eu n\u00e3o sairei daqui vivo. Todos os que t\u00eam parte nesta tirania pagar\u00e3o o pre\u00e7o.\n<\/p>\n<p class=\"MsoNormal\" style=\"text-indent:2em;\">\n\t<span>&nbsp;<\/span>\n<\/p>\n<p class=\"MsoNormal\" style=\"text-indent:2em;\">\n\tPor causa da S\u00edria, a R\u00fassia teve um ca\u00e7a abatido pelos turcos no ano passado e um embaixador abatido pelos turcos este ano.\n<\/p>\n<p class=\"MsoNormal\" style=\"text-indent:2em;\">\n\t<span>&nbsp;<\/span>\n<\/p>\n<p class=\"MsoNormal\" style=\"text-align:center;text-indent:2em;\">\n\t<span><br \/>\n<\/span>\n<\/p>\n<p class=\"MsoNormal\" style=\"text-align:center;text-indent:2em;\">\n\t<span style=\"color:#999999;\"><strong>O jovem assassino que caiu era o embaixador russo.<\/strong><\/span>\n<\/p>\n<p class=\"MsoNormal\" style=\"text-indent:2em;\">\n\t<span>&nbsp;<\/span>\n<\/p>\n<p class=\"MsoNormal\" style=\"text-align:center;text-indent:2em;\">\n\t<span style=\"font-size:16px;\"><strong>(i)<\/strong><\/span>\n<\/p>\n<p class=\"MsoNormal\" style=\"text-indent:2em;\">\n\t<span>&nbsp;<\/span>\n<\/p>\n<p class=\"MsoNormal\" style=\"text-indent:2em;\">\n\tUm embaixador \u00e9 um representante de um pa\u00eds, e o assassinato de um embaixador de um pa\u00eds \u00e9 um ato de provoca\u00e7\u00e3o extremamente grave sob qualquer ponto de vista.\n<\/p>\n<p class=\"MsoNormal\" style=\"text-indent:2em;\">\n\t<span>&nbsp;<\/span>\n<\/p>\n<p class=\"MsoNormal\" style=\"text-indent:2em;\">\n\tOs Estados Unidos emitiram declara\u00e7\u00f5es expressando as suas condol\u00eancias a Karloff e condenando veementemente o assass\u00ednio.\n<\/p>\n<p class=\"MsoNormal\" style=\"text-indent:2em;\">\n\t<span>&nbsp;<\/span>\n<\/p>\n<p class=\"MsoNormal\" style=\"text-indent:2em;\">\n\tO Conselho reuniu-se com urg\u00eancia para condenar com a maior veem\u00eancia este atentado terrorista em Ancara. O Conselho reafirma que o terrorismo, sob todas as suas formas e manifesta\u00e7\u00f5es, constitui uma das mais graves amea\u00e7as \u00e0 paz e \u00e0 seguran\u00e7a internacionais. Os autores destes actos terroristas devem ser levados a tribunal. Ao mesmo tempo, o Conselho sublinha o princ\u00edpio fundamental da inviolabilidade dos agentes diplom\u00e1ticos e consulares.\n<\/p>\n<p class=\"MsoNormal\" style=\"text-indent:2em;\">\n\t<span>&nbsp;<\/span>\n<\/p>\n<p class=\"MsoNormal\" style=\"text-indent:2em;\">\n\tQualificado! Isto \u00e9 um ato de terrorismo.\n<\/p>\n<p class=\"MsoNormal\" style=\"text-indent:2em;\">\n\t<span>&nbsp;<\/span>\n<\/p>\n<p class=\"MsoNormal\" style=\"text-indent:2em;\">\n\tMas n\u00e3o fica por aqui.\n<\/p>\n<p class=\"MsoNormal\" style=\"text-indent:2em;\">\n\t<span>&nbsp;<\/span>\n<\/p>\n<p class=\"MsoNormal\" style=\"text-indent:2em;\">\n\tPorque tamb\u00e9m foi um pol\u00edcia turco que assassinou o embaixador russo.\n<\/p>\n<p class=\"MsoNormal\" style=\"text-indent:2em;\">\n\t<span>&nbsp;<\/span>\n<\/p>\n<p class=\"MsoNormal\" style=\"text-indent:2em;\">\n\tO embaixador russo estava a visitar uma exposi\u00e7\u00e3o de pinturas intitulada \"A R\u00fassia atrav\u00e9s dos olhos dos turcos\"; como resultado, os turcos mataram o embaixador russo.\n<\/p>\n<p class=\"MsoNormal\" style=\"text-indent:2em;\">\n\t<span>&nbsp;<\/span>\n<\/p>\n<p class=\"MsoNormal\" style=\"text-indent:2em;\">\n\tAs rela\u00e7\u00f5es russo-turcas acabaram de sofrer uma reviravolta e agora o embaixador russo foi morto na capital turca.\n<\/p>\n<p class=\"MsoNormal\" style=\"text-indent:2em;\">\n\t<span>&nbsp;<\/span>\n<\/p>\n<p class=\"MsoNormal\" style=\"text-indent:2em;\">\n\tO Presidente turco Erdogan apressou-se a falar com Putin ao telefone e ambos anunciaram a cria\u00e7\u00e3o de uma equipa de investiga\u00e7\u00e3o conjunta. Erdogan afirmou ainda que o assassinato do embaixador russo na Turquia era um ataque ao povo turco.\n<\/p>\n<p class=\"MsoNormal\" style=\"text-indent:2em;\">\n\t<span>&nbsp;<\/span>\n<\/p>\n<p class=\"MsoNormal\" style=\"text-indent:2em;\">\n\tMas o facto de um pol\u00edcia turco ter morto publicamente o embaixador russo, apesar de o pol\u00edcia estar a trabalhar contra o governo, n\u00e3o deixa de expor o conflito profundo entre a R\u00fassia e a Turquia.\n<\/p>\n<p class=\"MsoNormal\" style=\"text-indent:2em;\">\n\t<span>&nbsp;<\/span>\n<\/p>\n<p class=\"MsoNormal\" style=\"text-indent:2em;\">\n\tUma das coisas mais glamorosas que Putin fez nos \u00faltimos dois anos foi regressar ao M\u00e9dio Oriente e reescrever a paisagem geopol\u00edtica com um estrondo, colocando o processo s\u00edrio firmemente nas m\u00e3os da R\u00fassia.\n<\/p>\n<p class=\"MsoNormal\" style=\"text-indent:2em;\">\n\t<span>&nbsp;<\/span>\n<\/p>\n<p class=\"MsoNormal\" style=\"text-indent:2em;\">\n\tMas a inser\u00e7\u00e3o for\u00e7ada de Putin irritou os Estados Unidos, irritou a Europa e irritou ainda mais a Turquia.\n<\/p>\n<p class=\"MsoNormal\" style=\"text-indent:2em;\">\n\t<span>&nbsp;<\/span>\n<\/p>\n<p class=\"MsoNormal\" style=\"text-align:center;text-indent:2em;\">\n\t<span><br \/>\n<\/span>\n<\/p>\n<p class=\"MsoNormal\" style=\"text-align:center;text-indent:2em;\">\n\t<span style=\"color:#999999;\"><strong>O Sr. Embaixador estava a discursar numa exposi\u00e7\u00e3o de pintura antes de ser baleado.<\/strong><\/span>\n<\/p>\n<p class=\"MsoNormal\" style=\"text-indent:2em;\">\n\t<span>&nbsp;<\/span>\n<\/p>\n<p class=\"MsoNormal\" style=\"text-align:center;text-indent:2em;\">\n\t<span style=\"font-size:16px;\"><strong>(ii)<\/strong><\/span>\n<\/p>\n<p class=\"MsoNormal\" style=\"text-indent:2em;\">\n\t<span>&nbsp;<\/span>\n<\/p>\n<p class=\"MsoNormal\" style=\"text-indent:2em;\">\n\tCom dez guerras entre a R\u00fassia e a Turquia na hist\u00f3ria, e com muitos locais, como a atual Crimeia, a ser a terra natal da Turquia otomana, \u00e9 obviamente imposs\u00edvel dizer que a Turquia n\u00e3o tem um desgosto hist\u00f3rico com a R\u00fassia.\n<\/p>\n<p class=\"MsoNormal\" style=\"text-indent:2em;\">\n\t<span>&nbsp;<\/span>\n<\/p>\n<p class=\"MsoNormal\" style=\"text-indent:2em;\">\n\tMas, desde a Primeira Guerra Mundial, uma Turquia territorialmente diminu\u00edda n\u00e3o tem tido for\u00e7a para desafiar diretamente o bluff da R\u00fassia. Apesar de a Turquia se ter tornado o \u00fanico pa\u00eds isl\u00e2mico na NATO, a rela\u00e7\u00e3o entre os dois pa\u00edses resumia essencialmente o estado da Guerra Fria. Quando se deu a Crise dos M\u00edsseis de Cuba, Khrushchev acabou por ceder e retirou os m\u00edsseis sovi\u00e9ticos de Cuba e, num gesto de salvamento, a Uni\u00e3o Sovi\u00e9tica tamb\u00e9m pediu aos Estados Unidos que retirassem os m\u00edsseis correspondentes da Turquia.\n<\/p>\n<p class=\"MsoNormal\" style=\"text-indent:2em;\">\n\t<span>&nbsp;<\/span>\n<\/p>\n<p class=\"MsoNormal\" style=\"text-indent:2em;\">\n\tA certa altura, as rela\u00e7\u00f5es russo-turcas estiveram \u00e0 beira da guerra por causa da S\u00edria.\n<\/p>\n<p class=\"MsoNormal\" style=\"text-indent:2em;\">\n\t<span>&nbsp;<\/span>\n<\/p>\n<p class=\"MsoNormal\" style=\"text-indent:2em;\">\n\tA R\u00fassia alegou, naturalmente, que a desloca\u00e7\u00e3o \u00e0 S\u00edria era uma forma de combater<span>IS<\/span>Mas, aos olhos da Turquia, os proj\u00e9cteis russos, um ter\u00e7o dos quais atingiram a<span>IS<\/span>Dois ter\u00e7os deles est\u00e3o a combater a oposi\u00e7\u00e3o, incluindo a comunidade turcomena na S\u00edria.\n<\/p>\n<p class=\"MsoNormal\" style=\"text-indent:2em;\">\n\t<span>&nbsp;<\/span>\n<\/p>\n<p class=\"MsoNormal\" style=\"text-indent:2em;\">\n\tN\u00e3o esque\u00e7amos que a Turquia se considera o irm\u00e3o mais velho dos turcos, com o Turquemenist\u00e3o num futuro pr\u00f3ximo e o Vietname ao longe<span>&#8211;<\/span>Gur, s\u00e3o os seus irm\u00e3os mais novos turcos. A pancada \u00e9 no irm\u00e3o mais novo, mas a dor \u00e9 no cora\u00e7\u00e3o do irm\u00e3o mais velho. Al\u00e9m disso, a interven\u00e7\u00e3o da R\u00fassia deu ao prec\u00e1rio regime de Bashar, do qual a Turquia tem sido o pa\u00eds por detr\u00e1s do derrube, uma oportunidade de se erguer novamente.\n<\/p>\n<p class=\"MsoNormal\" style=\"text-indent:2em;\">\n\t<span><br \/>\n<\/span>\n<\/p>\n<p class=\"MsoNormal\" style=\"text-indent:2em;\">\n\tPara al\u00e9m disso, a interven\u00e7\u00e3o militar da R\u00fassia \u00e9 favor\u00e1vel \u00e0s for\u00e7as curdas, e os curdos s\u00e3o o maior problema da Turquia. Por conseguinte, a Turquia n\u00e3o foi acusada do contra-terrorismo russo misturado com ego\u00edsmo, protestou mais uma vez e convocou o embaixador russo, e at\u00e9 processou as Na\u00e7\u00f5es Unidas, solicitando a convoca\u00e7\u00e3o do Conselho de Seguran\u00e7a para discutir o chamado contra-terrorismo da R\u00fassia.\n<\/p>\n<p class=\"MsoNormal\" style=\"text-indent:2em;\">\n\t<span>&nbsp;<\/span>\n<\/p>\n<p class=\"MsoNormal\" style=\"text-indent:2em;\">\n\tA cena mais intensa ocorreu no ano passado, quando a Turquia abateu um avi\u00e3o de guerra russo em tr\u00eas ataques. Isso enfureceu Putin ao ponto de ele dizer que os turcos o estavam a apunhalar pelas costas.\n<\/p>\n<p class=\"MsoNormal\" style=\"text-indent:2em;\">\n\t<span>&nbsp;<\/span>\n<\/p>\n<p class=\"MsoNormal\" style=\"text-indent:2em;\">\n\tAs rela\u00e7\u00f5es russo-turcas atingiram ent\u00e3o o ponto de congelamento e, ainda mais dramaticamente, o golpe de Estado deste ano na Turquia, onde este \u00faltimo teve a sorte de escapar depois de a R\u00fassia ter alegadamente informado Erdogan com anteced\u00eancia.\n<\/p>\n<p class=\"MsoNormal\" style=\"text-indent:2em;\">\n\t<span>&nbsp;<\/span>\n<\/p>\n<p class=\"MsoNormal\" style=\"text-indent:2em;\">\n\tO golpe de Estado teve tra\u00e7os de inger\u00eancia norte-americana e as rela\u00e7\u00f5es entre os EUA e a Turquia sofreram, naturalmente, uma reviravolta acentuada; Erdogan rapidamente fez as pazes com Putin e as rela\u00e7\u00f5es russo-turcas est\u00e3o num per\u00edodo de lua de mel.\n<\/p>\n<p class=\"MsoNormal\" style=\"text-indent:2em;\">\n\t<span>&nbsp;<\/span>\n<\/p>\n<p class=\"MsoNormal\" style=\"text-indent:2em;\">\n\tMas precisamente quando estava a meio do processo, o embaixador russo foi abatido pelos turcos.\n<\/p>\n<p class=\"MsoNormal\" style=\"text-indent:2em;\">\n\t<span>&nbsp;<\/span>\n<\/p>\n<p class=\"MsoNormal\" style=\"text-indent:2em;\">\n\tQue drama internacional sem f\u00f4lego!\n<\/p>\n<p class=\"MsoNormal\" style=\"text-indent:2em;\">\n\t<span>&nbsp;<\/span>\n<\/p>\n<p class=\"MsoNormal\" style=\"text-align:center;text-indent:2em;\">\n\t<span><br \/>\n<\/span>\n<\/p>\n<p class=\"MsoNormal\" style=\"text-indent:2em;\">\n\t<span>&nbsp;<\/span>\n<\/p>\n<p class=\"MsoNormal\" style=\"text-align:center;text-indent:2em;\">\n\t<strong><span style=\"font-size:16px;\">(iii)<\/span><\/strong>\n<\/p>\n<p class=\"MsoNormal\" style=\"text-indent:2em;\">\n\t<span>&nbsp;<\/span>\n<\/p>\n<p class=\"MsoNormal\" style=\"text-indent:2em;\">\n\tO mundo, a na\u00e7\u00e3o mais feroz, \u00e9 frequentemente considerada a R\u00fassia.\n<\/p>\n<p class=\"MsoNormal\" style=\"text-indent:2em;\">\n\t<span>&nbsp;<\/span>\n<\/p>\n<p class=\"MsoNormal\" style=\"text-indent:2em;\">\n\tA Ge\u00f3rgia brincou com o fogo, Putin dirigiu imediatamente os seus tanques para Tbilissi, a Ge\u00f3rgia teve de aceitar uma alian\u00e7a sob a cidade, pelo que a Oss\u00e9tia do Sul se tornou independente da Ge\u00f3rgia; a Ucr\u00e2nia expulsou o presidente apoiado por Putin, pelo que o ex\u00e9rcito russo apareceu na Crimeia, a R\u00fassia anexou diretamente esta \u00e1rea estrat\u00e9gica e a guerra grassou no leste da Ucr\u00e2nia, um bom pa\u00eds que se encontra agora numa guerra civil prolongada.\n<\/p>\n<p class=\"MsoNormal\" style=\"text-indent:2em;\">\n\t<span>&nbsp;<\/span>\n<\/p>\n<p class=\"MsoNormal\" style=\"text-indent:2em;\">\n\tA S\u00edria \u00e9 mais um remoinho, os Estados Unidos tiveram uma li\u00e7\u00e3o a evitar, por mais que o Partido Republicano ridicularize, Obama est\u00e1 a morder a bala, determinado a n\u00e3o enviar tropas. Mas eu n\u00e3o quero, Putin acenou com a m\u00e3o, avi\u00f5es de guerra russos voaram para Damasco, e diz-se que h\u00e1 for\u00e7as especiais terrestres a combater na S\u00edria.\n<\/p>\n<p class=\"MsoNormal\" style=\"text-indent:2em;\">\n\t<span>&nbsp;<\/span>\n<\/p>\n<p class=\"MsoNormal\" style=\"text-indent:2em;\">\n\tPortanto, neste mundo, podemos chamar o bluff de Obama, podemos criar problemas em Fran\u00e7a, mas \u00e9 melhor n\u00e3o nos metermos com os ursos polares. Alguns chineses continuam sempre a olhar com inveja, a R\u00fassia \u00e9 quem se mete comigo que eu bato, como \u00e9 que nos tornamos quem se mete comigo que eu repreendo?\n<\/p>\n<p class=\"MsoNormal\" style=\"text-indent:2em;\">\n\t<span>&nbsp;<\/span>\n<\/p>\n<p class=\"MsoNormal\" style=\"text-indent:2em;\">\n\tMas quando se est\u00e1 fora, est\u00e1-se fora.\n<\/p>\n<p class=\"MsoNormal\" style=\"text-indent:2em;\">\n\t<span>&nbsp;<\/span>\n<\/p>\n<p class=\"MsoNormal\" style=\"text-indent:2em;\">\n\tNo ano passado foi abatido um avi\u00e3o, este ano foi morto um embaixador. A R\u00fassia tamb\u00e9m pagou um pre\u00e7o elevado pela S\u00edria.\n<\/p>\n<p class=\"MsoNormal\" style=\"text-indent:2em;\">\n\t<span>&nbsp;<\/span>\n<\/p>\n<p class=\"MsoNormal\" style=\"text-indent:2em;\">\n\tPutin vai retaliar, mas ainda n\u00e3o \u00e9 a mesma coisa que o incidente do ano passado, em que a outra parte n\u00e3o era um pa\u00eds, mas um ato de terrorismo!\n<\/p>\n<p class=\"MsoNormal\" style=\"text-indent:2em;\">\n\t<span>&nbsp;<\/span>\n<\/p>\n<p class=\"MsoNormal\" style=\"text-indent:2em;\">\n\tErdogan tamb\u00e9m se apressou a dizer que o assassino estava a agitar as rela\u00e7\u00f5es turco-russas. Se a R\u00fassia retaliar de facto contra a Turquia, parece ter ca\u00eddo ainda mais na armadilha montada pelos assassinos.\n<\/p>\n<p class=\"MsoNormal\" style=\"text-indent:2em;\">\n\t<span>&nbsp;<\/span>\n<\/p>\n<p class=\"MsoNormal\" style=\"text-indent:2em;\">\n\tE, tendo em conta as diferen\u00e7as acentuadas entre a R\u00fassia e a Turquia em rela\u00e7\u00e3o \u00e0 S\u00edria, e apesar da proximidade de Erdogan a Putin, no que diz respeito \u00e0 opini\u00e3o p\u00fablica, os turcos comuns n\u00e3o t\u00eam de esconder a sua raiva contra a R\u00fassia.\n<\/p>\n<p class=\"MsoNormal\" style=\"text-indent:2em;\">\n\t<span>&nbsp;<\/span>\n<\/p>\n<p class=\"MsoNormal\" style=\"text-indent:2em;\">\n\t\u00c9 muito prov\u00e1vel que volte a acontecer uma trag\u00e9dia semelhante.\n<\/p>\n<p class=\"MsoNormal\" style=\"text-indent:2em;\">\n\t<span>&nbsp;<\/span>\n<\/p>\n<p class=\"MsoNormal\" style=\"text-indent:2em;\">\n\tPutin ganhou Alepo, mas perdeu o embaixador. Para agravar a raiva de Putin, ele n\u00e3o foi capaz de retaliar e, perante uma opini\u00e3o p\u00fablica hostil \u00e0 R\u00fassia, tem vontade de matar um ladr\u00e3o, mas n\u00e3o tem poder para o fazer.\n<\/p>\n<p class=\"MsoNormal\" style=\"text-indent:2em;\">\n\t<span>&nbsp;<\/span>\n<\/p>\n<p class=\"MsoNormal\" style=\"text-align:center;text-indent:2em;\">\n\t<span>&nbsp;<\/span>\n<\/p>\n<p class=\"MsoNormal\" style=\"text-indent:2em;\">\n\t<span>&nbsp;<\/span>\n<\/p>\n<p class=\"MsoNormal\" style=\"text-align:center;text-indent:2em;\">\n\t<strong><span style=\"font-size:16px;\">(iv)<\/span><\/strong>\n<\/p>\n<p class=\"MsoNormal\" style=\"text-indent:2em;\">\n\t<span>&nbsp;<\/span>\n<\/p>\n<p class=\"MsoNormal\" style=\"text-indent:2em;\">\n\tO M\u00e9dio Oriente est\u00e1 em turbul\u00eancia e, embora os EUA e a R\u00fassia pare\u00e7am estar bem, na realidade est\u00e3o a sofrer, tendo ambos j\u00e1 perdido um embaixador cada.\n<\/p>\n<p class=\"MsoNormal\" style=\"text-indent:2em;\">\n\t<span>&nbsp;<\/span>\n<\/p>\n<p class=\"MsoNormal\" style=\"text-indent:2em;\">\n\tO embaixador americano foi morto em Benghazi por causa da L\u00edbia.\n<\/p>\n<p class=\"MsoNormal\" style=\"text-indent:2em;\">\n\t<span>&nbsp;<\/span>\n<\/p>\n<p class=\"MsoNormal\" style=\"text-indent:2em;\">\n\tO embaixador russo foi morto em Ancara por causa da S\u00edria.\n<\/p>\n<p class=\"MsoNormal\" style=\"text-indent:2em;\">\n\t<span>&nbsp;<\/span>\n<\/p>\n<p class=\"MsoNormal\" style=\"text-indent:2em;\">\n\tNiu Baoqin trabalha h\u00e1 v\u00e1rios anos no M\u00e9dio Oriente, uma terra de tigres e lobos, onde as contradi\u00e7\u00f5es \u00e9tnicas, hist\u00f3ricas e religiosas s\u00e3o intrincadas, onde as guerras se sucedem e que pode ser verdadeiramente descrita como o cemit\u00e9rio das grandes pot\u00eancias.\n<\/p>\n<p class=\"MsoNormal\" style=\"text-indent:2em;\">\n\t<span>&nbsp;<\/span>\n<\/p>\n<p class=\"MsoNormal\" style=\"text-indent:2em;\">\n\tQuanto mais se luta, maior \u00e9 o caos e a trag\u00e9dia humana. Tr\u00eas observa\u00e7\u00f5es grosseiras, penso eu:\n<\/p>\n<p class=\"MsoNormal\" style=\"text-indent:2em;\">\n\t<span>&nbsp;<\/span>\n<\/p>\n<p class=\"MsoNormal\" style=\"text-indent:2em;\">\n\tEm primeiro lugar, a S\u00edria \u00e9 um turbilh\u00e3o, n\u00e3o pensem que \u00e9 um peda\u00e7o de carne gorda. A R\u00fassia est\u00e1 envolvida, a Turquia est\u00e1 envolvida, e a grande luta est\u00e1 apenas a come\u00e7ar. Al\u00e9m disso, embora a R\u00fassia seja feroz, mas sob o ambiente de inimigos fortes, a R\u00fassia tamb\u00e9m tem a possibilidade de cair no atoleiro. Em muitas guerras, \u00e9 f\u00e1cil entrar e dif\u00edcil sair. Os Estados Unidos t\u00eam as li\u00e7\u00f5es da guerra do Vietname, a R\u00fassia n\u00e3o esquecer\u00e1 a sombra da guerra no Afeganist\u00e3o.\n<\/p>\n<p class=\"MsoNormal\" style=\"text-indent:2em;\">\n\t<span>&nbsp;<\/span>\n<\/p>\n<p class=\"MsoNormal\" style=\"text-indent:2em;\">\n\tEm segundo lugar, \u00e9 melhor ser um c\u00e3o perdido do que uma pessoa desamparada. Muitas pessoas n\u00e3o pensam que se trata de um grito de sangue. A refer\u00eancia do assassino \u00e0 batalha de Alepo, que eu matarei depois de ti, e a prote\u00e7\u00e3o dos civis n\u00e3o passam de um belo disfarce. Uma cidade boa e famosa est\u00e1 agora destru\u00edda e miser\u00e1vel. Niuqin esteve em alguns pa\u00edses devastados pela guerra, um ambiente pac\u00edfico \u00e9 a maior expetativa das pessoas em zonas devastadas pela guerra.\n<\/p>\n<p class=\"MsoNormal\" style=\"text-indent:2em;\">\n\t<span>&nbsp;<\/span>\n<\/p>\n<p class=\"MsoNormal\" style=\"text-indent:2em;\">\n\tEm terceiro lugar, para a China, o espet\u00e1culo ainda agora come\u00e7ou. Quanto mais ca\u00f3tico for o M\u00e9dio Oriente, mais dif\u00edcil ser\u00e1 para Trump sair do seu caminho para lidar com a China, e mais longo ser\u00e1 o per\u00edodo de oportunidade estrat\u00e9gica da China. Aqueles que costumavam defender que a China deveria enviar tropas para a S\u00edria, nas palavras de um amigo, eu realmente n\u00e3o sei o que dizer, porque isso n\u00e3o \u00e9 nada para discutir a quest\u00e3o do QI. Os Estados Unidos est\u00e3o com pressa de sair do M\u00e9dio Oriente; a R\u00fassia tem um cen\u00e1rio superficial, mas o custo real \u00e9 terr\u00edvel, \u00e9 dif\u00edcil descer num tigre.\n<\/p>\n<p class=\"MsoNormal\" style=\"text-indent:2em;\">\n\t<span>&nbsp;<\/span>\n<\/p>\n<p class=\"MsoNormal\" style=\"text-indent:2em;\">\n\tAs grandes na\u00e7\u00f5es precisam de ser ambiciosas, mas ser\u00e1 que h\u00e1 menos grandes na\u00e7\u00f5es que tenham sido enterradas pela ambi\u00e7\u00e3o?\n<\/p>\n<p class=\"MsoNormal\" style=\"text-indent:2em;\">\n\t<span>&nbsp;<\/span>\n<\/p>\n<p class=\"MsoNormal\" style=\"text-indent:2em;\">\n\t<span>&nbsp;<strong><\/strong><\/span><\/p>","protected":false},"excerpt":{"rendered":"<p>Vladimir Putin est\u00e1 muito zangado com o facto de o governo russo estar numa posi\u00e7\u00e3o de poder na<span class=\"excerpt-hellip\"> [...]<\/span><\/p>","protected":false},"author":1,"featured_media":0,"comment_status":"open","ping_status":"open","sticky":false,"template":"","format":"standard","meta":{"footnotes":""},"categories":[19],"tags":[],"class_list":["post-3799","post","type-post","status-publish","format-standard","hentry","category-current-politics"],"_links":{"self":[{"href":"https:\/\/www.yzzks.com\/pt\/wp-json\/wp\/v2\/posts\/3799","targetHints":{"allow":["GET"]}}],"collection":[{"href":"https:\/\/www.yzzks.com\/pt\/wp-json\/wp\/v2\/posts"}],"about":[{"href":"https:\/\/www.yzzks.com\/pt\/wp-json\/wp\/v2\/types\/post"}],"author":[{"embeddable":true,"href":"https:\/\/www.yzzks.com\/pt\/wp-json\/wp\/v2\/users\/1"}],"replies":[{"embeddable":true,"href":"https:\/\/www.yzzks.com\/pt\/wp-json\/wp\/v2\/comments?post=3799"}],"version-history":[{"count":4,"href":"https:\/\/www.yzzks.com\/pt\/wp-json\/wp\/v2\/posts\/3799\/revisions"}],"predecessor-version":[{"id":8203,"href":"https:\/\/www.yzzks.com\/pt\/wp-json\/wp\/v2\/posts\/3799\/revisions\/8203"}],"wp:attachment":[{"href":"https:\/\/www.yzzks.com\/pt\/wp-json\/wp\/v2\/media?parent=3799"}],"wp:term":[{"taxonomy":"category","embeddable":true,"href":"https:\/\/www.yzzks.com\/pt\/wp-json\/wp\/v2\/categories?post=3799"},{"taxonomy":"post_tag","embeddable":true,"href":"https:\/\/www.yzzks.com\/pt\/wp-json\/wp\/v2\/tags?post=3799"}],"curies":[{"name":"wp","href":"https:\/\/api.w.org\/{rel}","templated":true}]}}