{"id":4096,"date":"2023-07-07T21:26:27","date_gmt":"2023-07-07T13:26:27","guid":{"rendered":"http:\/\/yzzks.com\/index.php\/2023\/07\/07\/%e8%81%9a%e7%84%a6%e4%b8%a4%e4%bc%9a%ef%bc%9a%e5%92%8c%e6%80%bb%e7%90%86%e4%b8%80%e8%b5%b7%e4%b8%ba%e6%b6%88%e9%99%a4%e8%81%8c%e5%9c%ba%e6%80%a7%e5%88%ab%e6%ad%a7%e8%a7%86%e5%8f%91%e5%a3%b0\/"},"modified":"2024-03-15T10:44:01","modified_gmt":"2024-03-15T02:44:01","slug":"%e8%81%9a%e7%84%a6%e4%b8%a4%e4%bc%9a%ef%bc%9a%e5%92%8c%e6%80%bb%e7%90%86%e4%b8%80%e8%b5%b7%e4%b8%ba%e6%b6%88%e9%99%a4%e8%81%8c%e5%9c%ba%e6%80%a7%e5%88%ab%e6%ad%a7%e8%a7%86%e5%8f%91%e5%a3%b0","status":"publish","type":"post","link":"https:\/\/www.yzzks.com\/pt\/current-politics\/4096\/","title":{"rendered":"Concentra\u00e7\u00e3o nas duas sess\u00f5es: Junte-se ao Primeiro-Ministro e manifeste-se contra a discrimina\u00e7\u00e3o de g\u00e9nero no local de trabalho"},"content":{"rendered":"<p style=\"text-indent:2em;\">\n\t<span style=\"font-size:16px;\">&nbsp; &nbsp; &nbsp;[Nota do Editor] Jiao Tianrui, aluna do segundo ano da Universidade de Comunica\u00e7\u00e3o da China, participou este ano nas duas sess\u00f5es do Congresso Nacional do Povo como rep\u00f3rter estagi\u00e1ria do Asia News Weekly. Por ocasi\u00e3o do \"Dia da Mulher, 8 de mar\u00e7o\", enviou este artigo, dizendo que gostaria de se \"juntar ao Primeiro-Ministro para falar contra a discrimina\u00e7\u00e3o de g\u00e9nero no local de trabalho\"!<\/span>\n<\/p>\n<p style=\"text-indent:2em;\">\n\t<span style=\"font-size:16px;\"><br \/>\n<\/span>\n<\/p>\n<p style=\"text-indent:2em;\">\n\t\n<\/p>\n<div style=\"text-align:center;\">\n<\/div>\n<p><span style=\"font-size:16px;\"><br \/>\n<\/span><\/p>\n<p>\n\t\n<\/p>\n<p style=\"text-indent:2em;\">\n\t<span style=\"font-size:16px;\">&nbsp; &nbsp; &nbsp;Hoje \u00e9 o Dia das Na\u00e7\u00f5es Unidas para os Direitos da Mulher e o Dia Internacional da Paz, e o dia da segunda sess\u00e3o plen\u00e1ria da d\u00e9cima terceira sess\u00e3o do Congresso Nacional do Povo. No relat\u00f3rio de trabalho do Governo publicado pelo Primeiro-Ministro Li Keqiang em 5 de mar\u00e7o, o Primeiro-Ministro declarou explicitamente que iria \"prevenir e corrigir resolutamente a discrimina\u00e7\u00e3o de g\u00e9nero e de identidade no emprego\", com a inten\u00e7\u00e3o de eliminar vigorosamente a discrimina\u00e7\u00e3o de g\u00e9nero no emprego e prestar aten\u00e7\u00e3o \u00e0 prote\u00e7\u00e3o do trabalho das mulheres e ao emprego justo.<\/span>\n<\/p>\n<p style=\"text-indent:2em;\">\n\t<span style=\"font-size:16px;\"><br \/>\n<\/span>\n<\/p>\n<p style=\"text-indent:2em;\">\n\t<span style=\"font-size:16px;\">&nbsp; &nbsp; &nbsp;Simultaneamente, v\u00e1rias das principais plataformas de com\u00e9rcio eletr\u00f3nico em linha na China lan\u00e7aram artif\u00edcios de marketing como o \"Dia da Deusa, Dia da Rainha, Dia das Raparigas\", que, ao mesmo tempo que defendem o consumismo, definem o termo \"mulheres\" de forma restrita e estigmatizam o termo \"mulheres\", definindo-as atrav\u00e9s de textos promocionais e r\u00f3tulos branqueados. Por detr\u00e1s da apar\u00eancia aparentemente elogiosa das mulheres est\u00e1 um estere\u00f3tipo nitidamente patriarcal, que revela sempre uma vis\u00e3o estereotipada e plana das mulheres como personalidades independentes.<\/span><br \/>\n<span style=\"font-size:16px;\"><br \/>\n<\/span>\n<\/p>\n<p style=\"text-align:center;text-indent:2em;\">\n\t<span style=\"font-size:16px;\"><br \/>\n<\/span>\n<\/p>\n<p style=\"text-indent:2em;\">\n\t<span style=\"font-size:16px;\"><br \/>\n<\/span>\n<\/p>\n<p style=\"text-indent:2em;\">\n\t<span style=\"font-size:16px;\">&nbsp; &nbsp; &nbsp;Numa entrevista \u00e0 CNN, Haixia, membro da CCPPC, disse aos jornalistas: \"Prefiro o dia 8 de mar\u00e7o, Dia da Mulher, porque \u00e9 um feriado que pertence a todas as mulheres, e a deusa rainha, etc., disse que \u00e9 um pouco de outras pessoas ligadas a algumas das suas cores, muito menos do que as suas pr\u00f3prias lutas para chegar a um estatuto de igualdade das mulheres, mais para que eu me sinta mais orgulhosa e mais confiante. Quer trabalhes em casa ou no trabalho, e fa\u00e7as o que sabes fazer, acho que \u00e9s uma mulher muito competente\". \u00c9 este o conceito que o pr\u00f3prio Dia da Mulher pretende transmitir \u00e0s mulheres em geral.<\/span>\n<\/p>\n<p style=\"text-indent:2em;\">\n\t<span style=\"font-size:16px;\"><br \/>\n<\/span>\n<\/p>\n<p style=\"text-indent:2em;\">\n\t<span style=\"font-size:16px;\">&nbsp; &nbsp; &nbsp;Em 2017, a Uni\u00e3o Interparlamentar (UIP) e a ONU Mulheres publicaram o Mapa da Participa\u00e7\u00e3o das Mulheres na Pol\u00edtica 2017, que registou a participa\u00e7\u00e3o das mulheres no poder executivo e no parlamento, e contabilizou o n\u00famero de mulheres que participavam na pol\u00edtica e na tomada de decis\u00f5es a n\u00edvel mundial nessa altura, incluindo chefes de Estado, presidentes de parlamentos e cargos ministeriais. Neste relat\u00f3rio, o nosso pa\u00eds ocupava o 74\u00ba lugar em termos de participa\u00e7\u00e3o das mulheres na pol\u00edtica, representando 699\/2947. Relativamente ao Mapa da Participa\u00e7\u00e3o das Mulheres na Pol\u00edtica, n\u00e3o consegui encontrar quaisquer dados relevantes na Internet nos \u00faltimos dois anos, pelo que n\u00e3o falarei sobre ele por enquanto.<\/span><br \/>\n<span style=\"font-size:16px;\"><br \/>\n<\/span>\n<\/p>\n<p style=\"text-indent:2em;\">\n\t<span style=\"font-size:16px;\">&nbsp; &nbsp; &nbsp;O Relat\u00f3rio de Diferen\u00e7as de G\u00e9nero no Local de Trabalho na China de 2019, divulgado pela plataforma de recrutamento na Internet BOSS Diret Recruitment, sugere que os estere\u00f3tipos de g\u00e9nero tornam mais dif\u00edcil para as mulheres encontrarem emprego e serem promovidas, e \u00e9 precisamente por isso que o primeiro-ministro Li Keqiang apresentou uma raz\u00e3o importante para prevenir e corrigir resolutamente a discrimina\u00e7\u00e3o de g\u00e9nero e identidade no emprego no relat\u00f3rio de trabalho do governo. TP3T, os departamentos governamentais devem prestar mais aten\u00e7\u00e3o e tomar medidas relevantes para atuar em prol da concorr\u00eancia leal e da igualdade de remunera\u00e7\u00e3o por trabalho igual que as mulheres ambicionam no local de trabalho.<\/span>\n<\/p>\n<p style=\"text-indent:2em;\">\n\t<span style=\"font-size:16px;\"><br \/>\n<\/span>\n<\/p>\n<p style=\"text-indent:2em;\">\n\t\n<\/p>\n<div style=\"text-align:center;\">\n<\/div>\n<p><span style=\"font-size:16px;\"><br \/>\n<\/span><\/p>\n<p>\n\t\n<\/p>\n<p style=\"text-indent:2em;\">\n\t<span style=\"font-size:16px;\">&nbsp; &nbsp; &nbsp;J\u00e1 em 1919, Mao Tse Tung mencionava em \"O problema da autossufici\u00eancia das mulheres\" que \"a for\u00e7a f\u00edsica da mulher n\u00e3o \u00e9 menor do que a do homem, mas ela n\u00e3o pode trabalhar durante os anos de gravidez, por isso os homens aproveitam-se da sua fraqueza para a explorar, para explorar as suas imperfei\u00e7\u00f5es e para se aproveitarem das suas fraquezas, para fazer da sua 'obedi\u00eancia' uma condi\u00e7\u00e3o de troca por 'comida' e para fazer da sua 'comida' uma comida\". Esta \u00e9 a raz\u00e3o geral pela qual a mulher \u00e9 reprimida e incapaz de virar uma nova p\u00e1gina. Por outro lado, quem, entre os seres humanos, n\u00e3o nasceu de uma mulher? O nascimento de uma mulher \u00e9 a chave para a continuidade da ra\u00e7a humana. Como \u00e9 que os homens se atrevem a esquecer este grande favor e a oprimi-las por causa de uma simples rela\u00e7\u00e3o econ\u00f3mica, por assim dizer?<\/span><br \/>\n<span style=\"font-size:16px;\"><br \/>\n<\/span>\n<\/p>\n<p style=\"text-indent:2em;\">\n\t<span style=\"font-size:16px;\">&nbsp; &nbsp; &nbsp;At\u00e9 hoje, quer na opini\u00e3o p\u00fablica quer nas feiras de emprego, continua a haver discrimina\u00e7\u00e3o e opress\u00e3o contra as mulheres no local de trabalho, quer sejam casadas e tenham filhos ou n\u00e3o, e o tratamento injusto das mulheres no local de trabalho n\u00e3o diminuiu e tornou-se comum. Enquanto rep\u00f3rter estagi\u00e1ria que participou na cobertura das duas sess\u00f5es, eu era tamb\u00e9m uma estudante de fotografia e v\u00eddeo na Universidade de Comunica\u00e7\u00e3o da China e, durante a minha participa\u00e7\u00e3o na cobertura das duas sess\u00f5es, como fotojornalista, pude tamb\u00e9m apreciar profundamente o desequil\u00edbrio \u00f3bvio de mulheres fotojornalistas na arena, n\u00e3o s\u00f3 nos tipos de trabalho como o jornalismo ou a fotografia, mas tamb\u00e9m no local de trabalho, onde deveria haver mais posi\u00e7\u00f5es e mais empregos fechados \u00e0s mulheres.<\/span><br \/>\n<span style=\"font-size:16px;\"><br \/>\n<\/span>\n<\/p>\n<p style=\"text-indent:2em;\">\n\t<span style=\"font-size:16px;\">&nbsp; &nbsp; &nbsp;As oportunidades que nos foram dadas t\u00eam de ser conquistadas por n\u00f3s pr\u00f3prios. Desde que as mulheres podiam segurar metade do c\u00e9u at\u00e9 \u00e0 reforma e abertura de hoje, a discrimina\u00e7\u00e3o de g\u00e9nero relacionada com o trabalho continua a afetar as nossas vidas, e aguardamos com expetativa os esfor\u00e7os dos departamentos governamentais para melhorar a discrimina\u00e7\u00e3o de g\u00e9nero e de identidade no emprego em 2019.<\/span>\n<\/p>\n<div style=\"text-align:right;\">\n\t<span style=\"font-size:16px;\"><strong>bibliografia<\/strong><\/span>\n<\/div>\n<p><span style=\"font-size:16px;\"><\/p>\n<div style=\"text-align:right;\">\n\t<span><strong>Mao Zedong, O problema da autossufici\u00eancia das mulheres<\/strong><\/span>\n<\/div>\n<p><\/span><span style=\"font-size:16px;\"><\/p>\n<div style=\"text-align:right;\">\n\t<span><strong>Relat\u00f3rio do Primeiro-Ministro Li Keqiang sobre o trabalho do Governo<\/strong><\/span>\n<\/div>\n<p><\/span><span style=\"font-size:16px;\"><\/p>\n<div style=\"text-align:right;\">\n\t<span><strong>Mapa das Mulheres na Pol\u00edtica 2017<\/strong><\/span>\n<\/div>\n<p><\/span><span style=\"font-size:16px;\"><\/p>\n<div style=\"text-align:right;\">\n\t<span><strong>Relat\u00f3rio sobre as diferen\u00e7as de g\u00e9nero no local de trabalho na China 2019<\/strong><\/span>\n<\/div>\n<p><\/span><\/p>\n<p>\n\t<\/p>","protected":false},"excerpt":{"rendered":"<p>&nbsp; &nbsp; &nbsp;\u3010\u7f16\u8005\u6309\u3011\u4eca<span class=\"excerpt-hellip\"> [...]<\/span><\/p>","protected":false},"author":1,"featured_media":0,"comment_status":"open","ping_status":"open","sticky":false,"template":"","format":"standard","meta":{"footnotes":""},"categories":[19],"tags":[],"class_list":["post-4096","post","type-post","status-publish","format-standard","hentry","category-current-politics"],"_links":{"self":[{"href":"https:\/\/www.yzzks.com\/pt\/wp-json\/wp\/v2\/posts\/4096","targetHints":{"allow":["GET"]}}],"collection":[{"href":"https:\/\/www.yzzks.com\/pt\/wp-json\/wp\/v2\/posts"}],"about":[{"href":"https:\/\/www.yzzks.com\/pt\/wp-json\/wp\/v2\/types\/post"}],"author":[{"embeddable":true,"href":"https:\/\/www.yzzks.com\/pt\/wp-json\/wp\/v2\/users\/1"}],"replies":[{"embeddable":true,"href":"https:\/\/www.yzzks.com\/pt\/wp-json\/wp\/v2\/comments?post=4096"}],"version-history":[{"count":3,"href":"https:\/\/www.yzzks.com\/pt\/wp-json\/wp\/v2\/posts\/4096\/revisions"}],"predecessor-version":[{"id":10562,"href":"https:\/\/www.yzzks.com\/pt\/wp-json\/wp\/v2\/posts\/4096\/revisions\/10562"}],"wp:attachment":[{"href":"https:\/\/www.yzzks.com\/pt\/wp-json\/wp\/v2\/media?parent=4096"}],"wp:term":[{"taxonomy":"category","embeddable":true,"href":"https:\/\/www.yzzks.com\/pt\/wp-json\/wp\/v2\/categories?post=4096"},{"taxonomy":"post_tag","embeddable":true,"href":"https:\/\/www.yzzks.com\/pt\/wp-json\/wp\/v2\/tags?post=4096"}],"curies":[{"name":"wp","href":"https:\/\/api.w.org\/{rel}","templated":true}]}}