{"id":4121,"date":"2023-07-07T21:26:36","date_gmt":"2023-07-07T13:26:36","guid":{"rendered":"http:\/\/yzzks.com\/index.php\/2023\/07\/07\/%e5%92%8c%e9%80%9a%e7%a4%be%ef%bc%9a%e5%a8%81%e5%b0%bc%e6%96%af%e5%8f%8c%e5%b9%b4%e5%b1%95%e4%b8%ad%e5%9b%bd%e8%a1%8c%e4%b8%ba%e8%89%ba%e6%9c%af%e4%b8%8d%e5%90%88%e6%97%b6%e5%ae%9c\/"},"modified":"2024-02-14T22:01:48","modified_gmt":"2024-02-14T14:01:48","slug":"%e5%92%8c%e9%80%9a%e7%a4%be%ef%bc%9a%e5%a8%81%e5%b0%bc%e6%96%af%e5%8f%8c%e5%b9%b4%e5%b1%95%e4%b8%ad%e5%9b%bd%e8%a1%8c%e4%b8%ba%e8%89%ba%e6%9c%af%e4%b8%8d%e5%90%88%e6%97%b6%e5%ae%9c","status":"publish","type":"post","link":"https:\/\/www.yzzks.com\/pt\/asia-wealth-forum\/4121\/","title":{"rendered":"Hutchinson: A arte performativa chinesa na Bienal de Veneza est\u00e1 \"deslocada\" no centro das aten\u00e7\u00f5es"},"content":{"rendered":"<p style=\"text-align:center;text-indent:2em;\">\n<p style=\"text-indent:2em;\">\n\t\n<\/p>\n<p>\n\t\n<\/p>\n<p>\n\t<span style=\"font-size:16px;\">&nbsp; &nbsp; &nbsp;A ag\u00eancia noticiosa Hetong (It\u00e1lia) informa que, \u00e0s 17h10 de 11 de junho de 2019, quatro artistas famosos da China, Deng Zhen, Fan Changjiang, Gong Jianhua e Liu Haofeng, lan\u00e7aram um espet\u00e1culo de arte performativa \u00fanico com o tema \"Anacronismo\" no recinto do Armory Show da 58.\u00aa Bienal de Veneza, em It\u00e1lia, visando a Bienal de Veneza em curso, exprimindo plenamente as atitudes e opini\u00f5es dos artistas sobre a arte europeia e a arte contempor\u00e2nea. Em resposta \u00e0 Bienal de Veneza em curso, os artistas expressaram plenamente as suas atitudes e pontos de vista sobre a arte europeia e a arte contempor\u00e2nea, levando muitos artistas a refletir intensamente e gerando um vasto leque de resson\u00e2ncias sociais.<\/span>\n<\/p>\n<p>\n\t<span style=\"font-size:16px;\"><br \/>\n<\/span>\n<\/p>\n<p>\n\t<span style=\"font-size:16px;\">&nbsp; &nbsp; &nbsp; O artista Deng Zhen escolheu apresentar a sua obra de arte performativa \"Anachronistic Visitor\" sob um grande cartaz no Armory Show principal. Despiu as roupas de ver\u00e3o que trazia vestidas e substituiu-as por roupas de inverno, incluindo: uma T-shirt de manga comprida, uma camisola de gola alta, um sobretudo de algod\u00e3o, um chap\u00e9u Lei Feng (algod\u00e3o), cal\u00e7as quentes, cal\u00e7as de algod\u00e3o, meias de algod\u00e3o e sapatos de couro de cabe\u00e7a grande. Depois, andar para tr\u00e1s e para a frente no mesmo s\u00edtio e tentar embrulhar o casaco o mais poss\u00edvel, de vez em quando, bufando, esfregando as m\u00e3os, correndo e saltando. Nesta altura, o sol de Veneza est\u00e1 abrasador, o tempo est\u00e1 muito quente, a Bienal de Veneza est\u00e1 cheia de gente, o recinto de exposi\u00e7\u00f5es est\u00e1 cheio de atividade. As pessoas, de cal\u00e7\u00f5es curtos e saias esvoa\u00e7antes, entram e saem dos artistas para assistir \u00e0 atua\u00e7\u00e3o, de vez em quando perdem o riso e a surpresa, ou t\u00eam uma compreens\u00e3o clara. Muitos estrangeiros observavam os artistas em perigo e vinham abra\u00e7\u00e1-los, provocando uma multid\u00e3o calorosa de espectadores.<\/span>\n<\/p>\n<p>\n\t<span style=\"font-size:16px;\"><br \/>\n<\/span>\n<\/p>\n<p style=\"text-align:center;\">\n<p style=\"text-align:center;\">\n<p style=\"text-align:center;\">\n\t\n<\/p>\n<p>\n\t<span style=\"font-size:16px;\">&nbsp; &nbsp; &nbsp; &nbsp; &nbsp;Os artistas Fan Changjiang, Gong Jianhua e Liu Haofeng actuaram no recinto principal do Armoury, apresentando uma performance simples, dura e linguisticamente poderosa. Cada artista, com um \"chap\u00e9u Cui Jian\" branco a cobrir todo o seu rosto, permaneceu durante alguns minutos em frente a uma obra de arte feminina nua da exposi\u00e7\u00e3o. Padrinho do rock and roll chin\u00eas, Cui Jian \u00e9 uma figura emblem\u00e1tica da fus\u00e3o da m\u00fasica chinesa e ocidental e um participante fundamental no movimento de renascimento cultural chin\u00eas liderado pelo poeta-artista Yu Xinqiao no in\u00edcio da d\u00e9cada de 1990.<\/span>\n<\/p>\n<p>\n\t<span style=\"font-size:16px;\"><br \/>\n<\/span>\n<\/p>\n<p>\n\t<span style=\"font-size:16px;\">&nbsp; &nbsp; &nbsp; &nbsp; &nbsp; O chamado \"anacronismo\", do supervisor de doutoramento da Faculdade de Belas-Artes da Universidade Normal de Harbin, Professor Gong Jianhua, do diretor do museu de arte Xiangmei de Xangai, do defensor do renascimento do mundo contempor\u00e2neo, Liu Haofeng, entre outros, concordou que h\u00e1 dois significados: um \u00e9 o contexto da integra\u00e7\u00e3o da informa\u00e7\u00e3o global, a cultura de todos os pa\u00edses e nacionalidades intimamente interligadas, que \u00e9 a hist\u00f3ria de qualquer outro Isto \u00e9 algo que nunca aconteceu em nenhuma outra \u00e9poca da hist\u00f3ria. O Renascimento europeu, desde o seu in\u00edcio em It\u00e1lia, estabeleceu o humanismo como o valor central para se libertar da escravid\u00e3o de Deus e para se elevar \u00e0 supremacia da raz\u00e3o individual, desencadeando o Iluminismo europeu, estabelecendo a base de valores e a abordagem cognitiva da pol\u00edtica e da economia modernas, da sociedade, da cultura e da arte, e tornando-se o centro mundial da arte durante seiscentos anos. No entanto, no s\u00e9culo XXI, a trajet\u00f3ria da arte mundial segundo este padr\u00e3o est\u00e1 a sofrer uma grande mudan\u00e7a! A segunda camada de significado \u00e9 que o artista, \u00e0 sua maneira \u00fanica, coloca um conflito direto com o atual cen\u00e1rio de exposi\u00e7\u00f5es. Os artistas vestem roupas de algod\u00e3o e de inverno no ver\u00e3o, cobrem os olhos e a cara em frente das obras expostas, o que exprime uma certa desilus\u00e3o e frieza interior, e exprime o desejo de intoler\u00e2ncia e de reconstru\u00e7\u00e3o.<\/span>\n<\/p>\n<p>\n\t<span style=\"font-size:16px;\"><br \/>\n<\/span>\n<\/p>\n<p>\n\t<span style=\"font-size:16px;\">&nbsp; &nbsp; &nbsp; &nbsp; &nbsp;Segundo o artista Fan Changjiang, o tema da Bienal de Veneza, \"Que vivas em tempos interessantes\", \u00e9 uma boa inten\u00e7\u00e3o, mas o mundo real \u00e9 extremamente quente. S\u00f3 em Hong Kong \u00e9 que o p\u00fablico est\u00e1 entusiasmado e continua a aquecer. V\u00e1rios artistas que participam na Bienal de Veneza est\u00e3o a utilizar o tema \"Frio e Quente\" nas suas performances art\u00edsticas para lembrar \u00e0s pessoas a necessidade de manter a calma e a paz.<\/span>\n<\/p>\n<p>\n\t<span style=\"font-size:16px;\"><br \/>\n<\/span>\n<\/p>\n<p style=\"text-align:center;\">\n<p style=\"text-align:center;\">\n\t\n<\/p>\n<p>\n\t<span style=\"font-size:16px;\">&nbsp; &nbsp; &nbsp; O artista Liu Haofeng acredita que as tend\u00eancias filos\u00f3ficas p\u00f3s-modernas influenciaram e despoletaram a arte p\u00f3s-moderna, que questionou profundamente a racionalidade individual estabelecida pelo Renascimento e Iluminismo europeus. A Segunda Guerra Mundial levou ao sacrif\u00edcio de 40 milh\u00f5es de seres humanos, provando que a racionalidade individual n\u00e3o \u00e9 totalmente fi\u00e1vel. A fetichiza\u00e7\u00e3o da raz\u00e3o individual \u00e9 ainda mais errada. Trouxe progresso ao mundo e, ao mesmo tempo, provocou grandes cat\u00e1strofes. A descoberta do \"Princ\u00edpio da Incerteza\" na f\u00edsica forneceu um suporte cient\u00edfico natural para a arte p\u00f3s-moderna questionar o valor central tradicional do modernismo. A emancipa\u00e7\u00e3o das correntes filos\u00f3ficas conduziu a uma correspondente emancipa\u00e7\u00e3o da arte. A mobiliza\u00e7\u00e3o p\u00f3s-moderna de \"tudo n\u00e3o \u00e9 fi\u00e1vel\" subverte e ridiculariza as narrativas tradicionais e os valores centrais. Os te\u00f3ricos da arte p\u00f3s-moderna declararam que \"o mundo \u00e9 est\u00e9tico\". A exist\u00eancia \u00e9 arte. Uma mudan\u00e7a no tempo e no espa\u00e7o pode despoletar uma mudan\u00e7a na linguagem art\u00edstica. A est\u00e9tica da arte come\u00e7ou a perder o seu sujeito e entrou no abismo do niilismo de valores; as formas de arte entraram na era da miniaturiza\u00e7\u00e3o e da desordem; e a hist\u00f3ria da arte entrou na era embara\u00e7osa de n\u00e3o poder ser renovada. Quando Wittgenstein enfiou a filosofia no alvo da estrutura lingu\u00edstica, foi de facto um sintoma do esgotamento da filosofia ocidental. O pensamento l\u00f3gico dos seres humanos entrou num fosso cada vez mais estreito e a filosofia humana tornou-se cada vez mais distante da vastid\u00e3o do universo natural.<\/span>\n<\/p>\n<p>\n\t<span style=\"font-size:16px;\"><br \/>\n<\/span>\n<\/p>\n<p style=\"text-align:center;\">\n<p style=\"text-align:center;\">\n\t\n<\/p>\n<p>\n\t<span style=\"font-size:16px;\">&nbsp; &nbsp; &nbsp; &nbsp; &nbsp;O Professor Gong argumenta que, quando o fim da hist\u00f3ria e a teoria da morte da filosofia ocidental se sucedem, na verdade, todo o pensamento acad\u00e9mico da humanidade precisa de um renascimento mais amplo para alcan\u00e7ar uma reintegra\u00e7\u00e3o profunda da tradi\u00e7\u00e3o e da contemporaneidade, da religi\u00e3o e da ci\u00eancia, do indiv\u00edduo e de Deus, e da humanidade e do universo.<\/span>\n<\/p>\n<p>\n\t<span style=\"font-size:16px;\"><br \/>\n<\/span>\n<\/p>\n<p style=\"text-align:center;\">\n<p style=\"text-align:center;\">\n\t\n<\/p>\n<p>\n\t<span style=\"font-size:16px;\">&nbsp; &nbsp; &nbsp; &nbsp;Relativamente a este renascimento mundial, Liu Haofeng acredita que a cultura chinesa da \"unidade do c\u00e9u e do homem\", que tem sido consistente desde os tempos antigos, deve ser restaurada, de modo a restabelecer uma rela\u00e7\u00e3o estreita e l\u00f3gica entre o sujeito niilista, a arte da miniaturiza\u00e7\u00e3o e o universo natural. A cultura quer restaurar a racionalidade c\u00f3smica celeste ou logos do indiv\u00edduo, e levar a humanidade a reconstruir um canal de unidade interna com a grande vida do universo. Por conseguinte, esta arte performativa \"anacr\u00f3nica\" exprime, antes de mais, a atitude distintiva dos artistas em rela\u00e7\u00e3o \u00e0 Bienal de Veneza, bem como \u00e0 arte contempor\u00e2nea dominante no mundo, ou seja, apelar a uma grande transforma\u00e7\u00e3o da est\u00e9tica da arte e a uma grande reviravolta na hist\u00f3ria da arte, construir uma racionalidade c\u00f3smica individual com base na racionalidade pessoal e restabelecer uma \"unidade de esp\u00edrito\" com Deus. A rela\u00e7\u00e3o \u00edntima com Deus deve ser restabelecida com base na racionalidade pessoal e para restabelecer a \"unidade da mente\".<\/span>\n<\/p>\n<p>\n\t<span style=\"font-size:16px;\"><br \/>\n<\/span>\n<\/p>\n<p>\n\t<span style=\"font-size:16px;\">&nbsp; &nbsp; &nbsp; &nbsp;De acordo com Deng Zhen, a Bienal deste ano est\u00e1 repleta de v\u00eddeos, sendo as instala\u00e7\u00f5es e as esculturas os protagonistas absolutos da Bienal, e a arte tem\u00e1tica que reflecte as realidades sociais e os conflitos humanos continua a ser a dire\u00e7\u00e3o mais preocupada da Bienal. Impressionantes e poderosas s\u00e3o as obras dos artistas chineses, Dear, Hard to Contain, de Sun Yuan e Peng Yu, e Microworld, de Liu Wei, com uma linguagem limpa e incisiva, cheia de tens\u00e3o e vitalidade, sem perder a beleza, a frescura e a estranheza que a arte traz. H\u00e1 tamb\u00e9m instala\u00e7\u00f5es no solo que reflectem a prote\u00e7\u00e3o ambiental e a ecologia no Pavilh\u00e3o de Fran\u00e7a e esculturas em movimento no Pavilh\u00e3o da R\u00fassia. A fotografia n\u00e3o foi muito utilizada, com uma selfie impressionante de Katayama, uma artista japonesa com defici\u00eancia. A pintura foi completamente marginalizada.<\/span>\n<\/p>\n<p>\n\t<span style=\"font-size:16px;\"><br \/>\n<\/span>\n<\/p>\n<p>\n\t<span style=\"font-size:16px;\">&nbsp; &nbsp; &nbsp; Por isso, Deng Zhen tamb\u00e9m levou a cabo a arte performativa com o tema \"Irm\u00e3o Apontador\" para lhes mostrar respeito e louvor. Deng Zhen acredita que muitas pessoas n\u00e3o conseguem compreender a arte contempor\u00e2nea, especialmente a arte performativa, e, em muitos aspectos, isso \u00e9 um problema de falta de conhecimentos profissionais b\u00e1sicos por parte do p\u00fablico. A arte contempor\u00e2nea n\u00e3o se resume a sistemas est\u00e9ticos e arte intuitiva; tem muitas rela\u00e7\u00f5es transformadoras que exigem uma aprendizagem sistem\u00e1tica. \u00c9 claro que as melhores obras s\u00e3o muitas vezes as que transcendem estas dimens\u00f5es para atingir um vasto leque de resson\u00e2ncias, reflectindo um valor universal e baseando-se na express\u00e3o de emo\u00e7\u00f5es humanas comuns.<\/span>\n<\/p>\n<p>\n\t<span style=\"font-size:16px;\"><br \/>\n<\/span>\n<\/p>\n<p>\n\t<span style=\"font-size:16px;\">&nbsp; &nbsp; &nbsp; Sabe-se que a Bienal de Veneza \u00e9 um festival de arte com uma hist\u00f3ria de centenas de anos e \u00e9 um dos eventos art\u00edsticos mais importantes da Europa. \u00c9 conhecida como uma das tr\u00eas maiores exposi\u00e7\u00f5es de arte do mundo, juntamente com a Documenta em Kassel, na Alemanha, e a Bienal de S\u00e3o Paulo, no Brasil, e a sua antiguidade ocupa o primeiro lugar entre as tr\u00eas grandes exposi\u00e7\u00f5es, sendo considerada o Carnaval do mundo da arte.<\/span>\n<\/p>\n<p>\n\t<span style=\"font-size:16px;\"><br \/>\n<\/span>\n<\/p>\n<p>\n\t<span style=\"font-size:16px;\">&nbsp; &nbsp; &nbsp; A Bienal de Veneza de 2019, intitulada \"May You Live in Interesting Times\", \u00e9 comissariada por Ralph Rugoff, diretor da Hayward Gallery em Londres, e conta com 83 artistas em exposi\u00e7\u00e3o. No seu ensaio curatorial, Rugoff espera que: \"A arte possa fazer com que as pessoas compreendam e pensem sobre os tempos em que vivemos\".<\/span>\n<\/p>\n<p>\n\t<\/p>","protected":false},"excerpt":{"rendered":"<p>&nbsp; &nbsp; &nbsp;Hutchinson It\u00e1lia<span class=\"excerpt-hellip\"> [...]<\/span><\/p>","protected":false},"author":1,"featured_media":0,"comment_status":"open","ping_status":"open","sticky":false,"template":"","format":"standard","meta":{"footnotes":""},"categories":[18],"tags":[],"class_list":["post-4121","post","type-post","status-publish","format-standard","hentry","category-asia-wealth-forum"],"_links":{"self":[{"href":"https:\/\/www.yzzks.com\/pt\/wp-json\/wp\/v2\/posts\/4121","targetHints":{"allow":["GET"]}}],"collection":[{"href":"https:\/\/www.yzzks.com\/pt\/wp-json\/wp\/v2\/posts"}],"about":[{"href":"https:\/\/www.yzzks.com\/pt\/wp-json\/wp\/v2\/types\/post"}],"author":[{"embeddable":true,"href":"https:\/\/www.yzzks.com\/pt\/wp-json\/wp\/v2\/users\/1"}],"replies":[{"embeddable":true,"href":"https:\/\/www.yzzks.com\/pt\/wp-json\/wp\/v2\/comments?post=4121"}],"version-history":[{"count":5,"href":"https:\/\/www.yzzks.com\/pt\/wp-json\/wp\/v2\/posts\/4121\/revisions"}],"predecessor-version":[{"id":6212,"href":"https:\/\/www.yzzks.com\/pt\/wp-json\/wp\/v2\/posts\/4121\/revisions\/6212"}],"wp:attachment":[{"href":"https:\/\/www.yzzks.com\/pt\/wp-json\/wp\/v2\/media?parent=4121"}],"wp:term":[{"taxonomy":"category","embeddable":true,"href":"https:\/\/www.yzzks.com\/pt\/wp-json\/wp\/v2\/categories?post=4121"},{"taxonomy":"post_tag","embeddable":true,"href":"https:\/\/www.yzzks.com\/pt\/wp-json\/wp\/v2\/tags?post=4121"}],"curies":[{"name":"wp","href":"https:\/\/api.w.org\/{rel}","templated":true}]}}