{"id":4690,"date":"2023-09-22T10:57:49","date_gmt":"2023-09-22T02:57:49","guid":{"rendered":"https:\/\/www.yzzks.com\/?p=4690"},"modified":"2023-09-22T10:59:42","modified_gmt":"2023-09-22T02:59:42","slug":"%e7%ad%91%e8%b5%b7%e4%b8%9c%e8%a5%bf%e9%83%a8%e6%a1%a5%e6%a2%81%e7%ba%bd%e5%b8%a6-%e5%80%be%e5%8a%9b%e5%8c%ba%e5%9f%9f%e7%bb%8f%e6%b5%8e%e9%ab%98%e8%b4%a8%e9%87%8f%e5%8f%91%e5%b1%95%e6%88%90","status":"publish","type":"post","link":"https:\/\/www.yzzks.com\/pt\/latest-news\/4690\/","title":{"rendered":"C\u00e2mara de Com\u00e9rcio Chengdu Changchun inaugurada oficialmente na cidade de Hibiscus"},"content":{"rendered":"<p><strong>Ben Wang (Liu Heping Li Fei)<\/strong><\/p>\n\n\n\n<p>        No outono dourado de setembro, o sol brilha intensamente, por toda a relva prospera a gl\u00f3ria da madeira, as frutas e os mel\u00f5es, o armaz\u00e9m de campos verdes est\u00e1 cheio de pinturas por ocasi\u00e3o do ano da abund\u00e2ncia, na tarde de 21 de setembro, de Chengdu e da cidade de Changchun, os departamentos governamentais competentes respons\u00e1veis por parte das associa\u00e7\u00f5es empresariais e mais de 120 C\u00e2maras de Com\u00e9rcio de Changchun em todo o pa\u00eds, tais como unidades e empresas e a comunidade empresarial de mais de 800 convidados, reuniram-se no distrito de Chengdu Shuangliu, a fonte do Centro de Confer\u00eancias, com a her\u00f3ica e majestosa guarda de honra do PLA escoltando a bandeira nacional no palco e o solene hino nacional, a C\u00e2mara de Com\u00e9rcio de Changchun foi formalmente inaugurada na cidade de Chengdu. A C\u00e2mara de Com\u00e9rcio de Changchun e Chengdu foi formalmente inaugurada na cidade de Chengdu, com a majestosa guarda de honra do ELP a escoltar a bandeira nacional at\u00e9 ao palco e com o hino nacional solene.<\/p>\n\n\n<div class=\"wp-block-image\">\n<figure class=\"aligncenter size-large\"><img decoding=\"async\" width=\"902\" height=\"1200\" src=\"https:\/\/yzzks.com\/wp-content\/uploads\/2023\/09\/\u56fe\u72471-1-902x1200.png\" alt=\"\" class=\"wp-image-4693\" srcset=\"https:\/\/www.yzzks.com\/wp-content\/uploads\/2023\/09\/\u56fe\u72471-1-902x1200.png 902w, https:\/\/www.yzzks.com\/wp-content\/uploads\/2023\/09\/\u56fe\u72471-1-376x500.png 376w, https:\/\/www.yzzks.com\/wp-content\/uploads\/2023\/09\/\u56fe\u72471-1-226x300.png 226w, https:\/\/www.yzzks.com\/wp-content\/uploads\/2023\/09\/\u56fe\u72471-1-768x1021.png 768w, https:\/\/www.yzzks.com\/wp-content\/uploads\/2023\/09\/\u56fe\u72471-1-9x12.png 9w, https:\/\/www.yzzks.com\/wp-content\/uploads\/2023\/09\/\u56fe\u72471-1-56x75.png 56w, https:\/\/www.yzzks.com\/wp-content\/uploads\/2023\/09\/\u56fe\u72471-1-480x638.png 480w\" sizes=\"(max-width:767px) 480px, (max-width:902px) 100vw, 902px\" \/><\/figure>\n<\/div>\n\n\n<p>        Segundo consta, a C\u00e2mara de Com\u00e9rcio de Chengdu Changchun \u00e9 constitu\u00edda pelos empres\u00e1rios privados de Changchun, bem conhecidos em Chengdu, que foram voluntariamente iniciados pelo Gabinete dos Assuntos Civis de Chengdu e aprovados pela Federa\u00e7\u00e3o Municipal da Ind\u00fastria e Com\u00e9rcio de Chengdu, respons\u00e1vel pela personalidade jur\u00eddica e pela economia local das organiza\u00e7\u00f5es de grupos sociais. Nos \u00faltimos anos, a C\u00e2mara de Com\u00e9rcio tem vindo a promover a coopera\u00e7\u00e3o econ\u00f3mica e comercial entre o nordeste e o oeste de Sichuan, bem como a promo\u00e7\u00e3o das empresas privadas de Changchun e Chengdu, contribuindo de forma positiva para o desenvolvimento do grupo.<\/p>\n\n\n<div class=\"wp-block-image\">\n<figure class=\"aligncenter size-large\"><img decoding=\"async\" width=\"1200\" height=\"798\" src=\"https:\/\/yzzks.com\/wp-content\/uploads\/2023\/09\/\u56fe\u72472-1200x798.png\" alt=\"\" class=\"wp-image-4695\" srcset=\"https:\/\/www.yzzks.com\/wp-content\/uploads\/2023\/09\/\u56fe\u72472-1200x798.png 1200w, https:\/\/www.yzzks.com\/wp-content\/uploads\/2023\/09\/\u56fe\u72472-500x333.png 500w, https:\/\/www.yzzks.com\/wp-content\/uploads\/2023\/09\/\u56fe\u72472-300x200.png 300w, https:\/\/www.yzzks.com\/wp-content\/uploads\/2023\/09\/\u56fe\u72472-768x511.png 768w, https:\/\/www.yzzks.com\/wp-content\/uploads\/2023\/09\/\u56fe\u72472-18x12.png 18w, https:\/\/www.yzzks.com\/wp-content\/uploads\/2023\/09\/\u56fe\u72472-113x75.png 113w, https:\/\/www.yzzks.com\/wp-content\/uploads\/2023\/09\/\u56fe\u72472-480x319.png 480w\" sizes=\"(max-width:767px) 480px, (max-width:1200px) 100vw, 1200px\" \/><\/figure>\n<\/div>\n\n<div class=\"wp-block-image\">\n<figure class=\"aligncenter size-large\"><img decoding=\"async\" width=\"1200\" height=\"798\" src=\"https:\/\/yzzks.com\/wp-content\/uploads\/2023\/09\/\u56fe\u72473-1200x798.png\" alt=\"\" class=\"wp-image-4697\" srcset=\"https:\/\/www.yzzks.com\/wp-content\/uploads\/2023\/09\/\u56fe\u72473-1200x798.png 1200w, https:\/\/www.yzzks.com\/wp-content\/uploads\/2023\/09\/\u56fe\u72473-500x333.png 500w, https:\/\/www.yzzks.com\/wp-content\/uploads\/2023\/09\/\u56fe\u72473-300x200.png 300w, https:\/\/www.yzzks.com\/wp-content\/uploads\/2023\/09\/\u56fe\u72473-768x511.png 768w, https:\/\/www.yzzks.com\/wp-content\/uploads\/2023\/09\/\u56fe\u72473-18x12.png 18w, https:\/\/www.yzzks.com\/wp-content\/uploads\/2023\/09\/\u56fe\u72473-113x75.png 113w, https:\/\/www.yzzks.com\/wp-content\/uploads\/2023\/09\/\u56fe\u72473-480x319.png 480w\" sizes=\"(max-width:767px) 480px, (max-width:1200px) 100vw, 1200px\" \/><\/figure>\n<\/div>\n\n\n<p>        Na cerim\u00f3nia de inaugura\u00e7\u00e3o, o Diretor Adjunto do Departamento de Gest\u00e3o das Organiza\u00e7\u00f5es Sociais do Gabinete dos Assuntos Civis de Chengdu<strong>net Wei (jade avermelhado)<\/strong>Leitura do documento do Gabinete dos Assuntos Civis de Chengdu que aprova a cria\u00e7\u00e3o da C\u00e2mara de Com\u00e9rcio de Chengdu Changchun.<\/p>\n\n\n<div class=\"wp-block-image\">\n<figure class=\"aligncenter size-large\"><img decoding=\"async\" width=\"1200\" height=\"798\" src=\"https:\/\/yzzks.com\/wp-content\/uploads\/2023\/09\/\u56fe\u72474-1200x798.png\" alt=\"\" class=\"wp-image-4699\" srcset=\"https:\/\/www.yzzks.com\/wp-content\/uploads\/2023\/09\/\u56fe\u72474-1200x798.png 1200w, https:\/\/www.yzzks.com\/wp-content\/uploads\/2023\/09\/\u56fe\u72474-500x333.png 500w, https:\/\/www.yzzks.com\/wp-content\/uploads\/2023\/09\/\u56fe\u72474-300x200.png 300w, https:\/\/www.yzzks.com\/wp-content\/uploads\/2023\/09\/\u56fe\u72474-768x511.png 768w, https:\/\/www.yzzks.com\/wp-content\/uploads\/2023\/09\/\u56fe\u72474-18x12.png 18w, https:\/\/www.yzzks.com\/wp-content\/uploads\/2023\/09\/\u56fe\u72474-113x75.png 113w, https:\/\/www.yzzks.com\/wp-content\/uploads\/2023\/09\/\u56fe\u72474-480x319.png 480w\" sizes=\"(max-width:767px) 480px, (max-width:1200px) 100vw, 1200px\" \/><\/figure>\n<\/div>\n\n<div class=\"wp-block-image\">\n<figure class=\"aligncenter size-large\"><img decoding=\"async\" width=\"1200\" height=\"798\" src=\"https:\/\/yzzks.com\/wp-content\/uploads\/2023\/09\/\u56fe\u72475-1200x798.png\" alt=\"\" class=\"wp-image-4701\" srcset=\"https:\/\/www.yzzks.com\/wp-content\/uploads\/2023\/09\/\u56fe\u72475-1200x798.png 1200w, https:\/\/www.yzzks.com\/wp-content\/uploads\/2023\/09\/\u56fe\u72475-500x333.png 500w, https:\/\/www.yzzks.com\/wp-content\/uploads\/2023\/09\/\u56fe\u72475-300x200.png 300w, https:\/\/www.yzzks.com\/wp-content\/uploads\/2023\/09\/\u56fe\u72475-768x511.png 768w, https:\/\/www.yzzks.com\/wp-content\/uploads\/2023\/09\/\u56fe\u72475-18x12.png 18w, https:\/\/www.yzzks.com\/wp-content\/uploads\/2023\/09\/\u56fe\u72475-113x75.png 113w, https:\/\/www.yzzks.com\/wp-content\/uploads\/2023\/09\/\u56fe\u72475-480x319.png 480w\" sizes=\"(max-width:767px) 480px, (max-width:1200px) 100vw, 1200px\" \/><\/figure>\n<\/div>\n\n\n<p class=\"has-text-align-center\">        Vice-presidente do Comit\u00e9 Municipal de Changchun da Confer\u00eancia Consultiva Pol\u00edtica do Povo Chin\u00eas (CCPPC) da prov\u00edncia de Jilin na reuni\u00e3o inaugural da C\u00e2mara de Com\u00e9rcio de Changchun em Chengdu.<strong>Xue Wenge (1866-1946), dirigente comunista chin\u00eas, m\u00e1rtir da Revolu\u00e7\u00e3o Cultural<\/strong>no seu discurso<\/p>\n\n\n\n<figure class=\"wp-block-image size-large\"><img decoding=\"async\" width=\"1200\" height=\"798\" src=\"https:\/\/yzzks.com\/wp-content\/uploads\/2023\/09\/\u56fe\u72476-1200x798.png\" alt=\"\" class=\"wp-image-4703\" srcset=\"https:\/\/www.yzzks.com\/wp-content\/uploads\/2023\/09\/\u56fe\u72476-1200x798.png 1200w, https:\/\/www.yzzks.com\/wp-content\/uploads\/2023\/09\/\u56fe\u72476-500x333.png 500w, https:\/\/www.yzzks.com\/wp-content\/uploads\/2023\/09\/\u56fe\u72476-300x200.png 300w, https:\/\/www.yzzks.com\/wp-content\/uploads\/2023\/09\/\u56fe\u72476-768x511.png 768w, https:\/\/www.yzzks.com\/wp-content\/uploads\/2023\/09\/\u56fe\u72476-18x12.png 18w, https:\/\/www.yzzks.com\/wp-content\/uploads\/2023\/09\/\u56fe\u72476-113x75.png 113w, https:\/\/www.yzzks.com\/wp-content\/uploads\/2023\/09\/\u56fe\u72476-480x319.png 480w\" sizes=\"(max-width:767px) 480px, (max-width:1200px) 100vw, 1200px\" \/><\/figure>\n\n\n\n<p class=\"has-text-align-center\"><strong>Discurso de Xue Wenge, Vice-Presidente do Comit\u00e9 Municipal de Changchun da Confer\u00eancia Consultiva Pol\u00edtica do Povo Chin\u00eas<\/strong><\/p>\n\n\n\n<p>        Em nome do Governo Municipal de Changchun, prop\u00f4s a cria\u00e7\u00e3o de uma vers\u00e3o 4.0 da C\u00e2mara de Com\u00e9rcio de Chengdu Changchun, a fim de abrir novos horizontes para o desenvolvimento de alta qualidade da coopera\u00e7\u00e3o econ\u00f3mica entre as c\u00e2maras de com\u00e9rcio das regi\u00f5es oriental e ocidental.<\/p>\n\n\n\n<figure class=\"wp-block-image size-large\"><img decoding=\"async\" width=\"1200\" height=\"798\" src=\"https:\/\/yzzks.com\/wp-content\/uploads\/2023\/09\/\u56fe\u72477-1200x798.png\" alt=\"\" class=\"wp-image-4705\" srcset=\"https:\/\/www.yzzks.com\/wp-content\/uploads\/2023\/09\/\u56fe\u72477-1200x798.png 1200w, https:\/\/www.yzzks.com\/wp-content\/uploads\/2023\/09\/\u56fe\u72477-500x333.png 500w, https:\/\/www.yzzks.com\/wp-content\/uploads\/2023\/09\/\u56fe\u72477-300x200.png 300w, https:\/\/www.yzzks.com\/wp-content\/uploads\/2023\/09\/\u56fe\u72477-768x511.png 768w, https:\/\/www.yzzks.com\/wp-content\/uploads\/2023\/09\/\u56fe\u72477-18x12.png 18w, https:\/\/www.yzzks.com\/wp-content\/uploads\/2023\/09\/\u56fe\u72477-113x75.png 113w, https:\/\/www.yzzks.com\/wp-content\/uploads\/2023\/09\/\u56fe\u72477-480x319.png 480w\" sizes=\"(max-width:767px) 480px, (max-width:1200px) 100vw, 1200px\" \/><\/figure>\n\n\n\n<p class=\"has-text-align-center\"><strong>Declara\u00e7\u00e3o de He Wei, Presidente da C\u00e2mara de Com\u00e9rcio Chengdu Changchun<\/strong><\/p>\n\n\n\n<p>        Primeiro Presidente da C\u00e2mara de Com\u00e9rcio de Chengdu Changchun<strong>qual \u00e9 o significado de<\/strong>Encorajado pela cerim\u00f3nia de inaugura\u00e7\u00e3o, afirmou com paix\u00e3o: \"Estou profundamente impressionado com a gloriosa miss\u00e3o e a grande responsabilidade. No meu trabalho futuro, trabalharei em conjunto com todos os meus colegas da C\u00e2mara, sob a orienta\u00e7\u00e3o dos l\u00edderes a todos os n\u00edveis em Chengdu e Changchun, para refor\u00e7ar e melhorar continuamente a constru\u00e7\u00e3o da C\u00e2mara, para promover continuamente os interc\u00e2mbios e a coopera\u00e7\u00e3o entre os membros, para aumentar continuamente a contribui\u00e7\u00e3o para o desenvolvimento econ\u00f3mico dos dois locais e para fazer da C\u00e2mara uma plataforma de coopera\u00e7\u00e3o e interc\u00e2mbios em que o governo confia e os membros confiam\".<\/p>\n\n\n\n<figure class=\"wp-block-image size-large\"><img decoding=\"async\" width=\"1200\" height=\"798\" src=\"https:\/\/yzzks.com\/wp-content\/uploads\/2023\/09\/\u56fe\u72478-1200x798.png\" alt=\"\" class=\"wp-image-4707\" srcset=\"https:\/\/www.yzzks.com\/wp-content\/uploads\/2023\/09\/\u56fe\u72478-1200x798.png 1200w, https:\/\/www.yzzks.com\/wp-content\/uploads\/2023\/09\/\u56fe\u72478-500x333.png 500w, https:\/\/www.yzzks.com\/wp-content\/uploads\/2023\/09\/\u56fe\u72478-300x200.png 300w, https:\/\/www.yzzks.com\/wp-content\/uploads\/2023\/09\/\u56fe\u72478-768x511.png 768w, https:\/\/www.yzzks.com\/wp-content\/uploads\/2023\/09\/\u56fe\u72478-18x12.png 18w, https:\/\/www.yzzks.com\/wp-content\/uploads\/2023\/09\/\u56fe\u72478-113x75.png 113w, https:\/\/www.yzzks.com\/wp-content\/uploads\/2023\/09\/\u56fe\u72478-480x319.png 480w\" sizes=\"(max-width:767px) 480px, (max-width:1200px) 100vw, 1200px\" \/><\/figure>\n\n\n\n<p class=\"has-text-align-center\"><strong>Discurso do representante dos empres\u00e1rios Wang Zhongge<\/strong><\/p>\n\n\n\n<p>        Venha felicitar o Congresso Popular da Cidade de Changchun, o Presidente da C\u00e2mara de Com\u00e9rcio de Shenzhen Changchun, os principais talentos da Prov\u00edncia de Jilin<strong>Wang Zhongge (1935-), ministro do Governo chin\u00eas<\/strong><\/p>\n\n\n\n<figure class=\"wp-block-image size-large\"><img decoding=\"async\" width=\"1200\" height=\"798\" src=\"https:\/\/yzzks.com\/wp-content\/uploads\/2023\/09\/\u56fe\u72479-1200x798.png\" alt=\"\" class=\"wp-image-4709\" srcset=\"https:\/\/www.yzzks.com\/wp-content\/uploads\/2023\/09\/\u56fe\u72479-1200x798.png 1200w, https:\/\/www.yzzks.com\/wp-content\/uploads\/2023\/09\/\u56fe\u72479-500x333.png 500w, https:\/\/www.yzzks.com\/wp-content\/uploads\/2023\/09\/\u56fe\u72479-300x200.png 300w, https:\/\/www.yzzks.com\/wp-content\/uploads\/2023\/09\/\u56fe\u72479-768x511.png 768w, https:\/\/www.yzzks.com\/wp-content\/uploads\/2023\/09\/\u56fe\u72479-18x12.png 18w, https:\/\/www.yzzks.com\/wp-content\/uploads\/2023\/09\/\u56fe\u72479-113x75.png 113w, https:\/\/www.yzzks.com\/wp-content\/uploads\/2023\/09\/\u56fe\u72479-480x319.png 480w\" sizes=\"(max-width:767px) 480px, (max-width:1200px) 100vw, 1200px\" \/><\/figure>\n\n\n\n<p class=\"has-text-align-center\"><strong>Discurso de Li Shudong, representante dos empres\u00e1rios<\/strong><\/p>\n\n\n\n<p>        <strong>Presidente executivo da Sichuan Jilin Business, Presidente do Northern First Construction Group Co.<strong>Li Shudong (1932-), pol\u00edtico da RPC<\/strong><\/strong><\/p>\n\n\n\n<figure class=\"wp-block-image size-large\"><img decoding=\"async\" width=\"1200\" height=\"798\" src=\"https:\/\/yzzks.com\/wp-content\/uploads\/2023\/09\/\u56fe\u724710-1200x798.png\" alt=\"\" class=\"wp-image-4711\" srcset=\"https:\/\/www.yzzks.com\/wp-content\/uploads\/2023\/09\/\u56fe\u724710-1200x798.png 1200w, https:\/\/www.yzzks.com\/wp-content\/uploads\/2023\/09\/\u56fe\u724710-500x333.png 500w, https:\/\/www.yzzks.com\/wp-content\/uploads\/2023\/09\/\u56fe\u724710-300x200.png 300w, https:\/\/www.yzzks.com\/wp-content\/uploads\/2023\/09\/\u56fe\u724710-768x511.png 768w, https:\/\/www.yzzks.com\/wp-content\/uploads\/2023\/09\/\u56fe\u724710-18x12.png 18w, https:\/\/www.yzzks.com\/wp-content\/uploads\/2023\/09\/\u56fe\u724710-113x75.png 113w, https:\/\/www.yzzks.com\/wp-content\/uploads\/2023\/09\/\u56fe\u724710-480x319.png 480w\" sizes=\"(max-width:767px) 480px, (max-width:1200px) 100vw, 1200px\" \/><\/figure>\n\n\n\n<p class=\"has-text-align-center\"><strong>Discurso de Zhang Hongtu, Presidente da Associa\u00e7\u00e3o de Hot\u00e9is de Neg\u00f3cios de Sichuan<\/strong><\/p>\n\n\n\n<p>Presidente da Associa\u00e7\u00e3o de Hot\u00e9is de Neg\u00f3cios de Sichuan<strong>Zhang Hongtu.<\/strong>Presidente da Golden Rose International Hotel Alliance, Presidente da China (Sichuan) Intelligent Hotel Alliance, Presidente da Sichuan Tourism Hotel Female General Manager Association<strong>Li Guiqin (1910-1995), poeta chin\u00eas<\/strong>Respetivamente, discursaram na reuni\u00e3o e apresentaram \u00e0 Assembleia Geral dos dez melhores artistas populares da China a tinta de Situ Hua.<\/p>\n\n\n\n<figure class=\"wp-block-image size-large\"><img decoding=\"async\" width=\"1200\" height=\"798\" src=\"https:\/\/yzzks.com\/wp-content\/uploads\/2023\/09\/\u56fe\u724711-1200x798.png\" alt=\"\" class=\"wp-image-4713\" srcset=\"https:\/\/www.yzzks.com\/wp-content\/uploads\/2023\/09\/\u56fe\u724711-1200x798.png 1200w, https:\/\/www.yzzks.com\/wp-content\/uploads\/2023\/09\/\u56fe\u724711-500x333.png 500w, https:\/\/www.yzzks.com\/wp-content\/uploads\/2023\/09\/\u56fe\u724711-300x200.png 300w, https:\/\/www.yzzks.com\/wp-content\/uploads\/2023\/09\/\u56fe\u724711-768x511.png 768w, https:\/\/www.yzzks.com\/wp-content\/uploads\/2023\/09\/\u56fe\u724711-18x12.png 18w, https:\/\/www.yzzks.com\/wp-content\/uploads\/2023\/09\/\u56fe\u724711-113x75.png 113w, https:\/\/www.yzzks.com\/wp-content\/uploads\/2023\/09\/\u56fe\u724711-480x319.png 480w\" sizes=\"(max-width:767px) 480px, (max-width:1200px) 100vw, 1200px\" \/><\/figure>\n\n\n\n<p class=\"has-text-align-center\">Presidente da Golden Rose International Hotel Alliance, Presidente da China (Sichuan) Intelligent Hotel Alliance, Presidente da Sichuan Tourism Hotel Female General Manager Association<strong>Li Guiqin (1910-1995), poeta chin\u00eas<\/strong>fazer um discurso (nomeadamente uma breve introdu\u00e7\u00e3o, um voto de agradecimento, um posf\u00e1cio, uma homilia f\u00fanebre, etc.)<\/p>\n\n\n\n<p>        Felicita\u00e7\u00f5es calorosas pela cria\u00e7\u00e3o formal da C\u00e2mara de Com\u00e9rcio de Changchun em Chengdu. \"Changchun \u00e9 a cidade dos autom\u00f3veis chineses, a cidade da cultura cinematogr\u00e1fica e televisiva, tendo criado resultados frutuosos em diferentes \u00e9pocas, como a revolu\u00e7\u00e3o chinesa e a reforma e abertura, especialmente sob a orienta\u00e7\u00e3o pol\u00edtica da revitaliza\u00e7\u00e3o do Nordeste, Changchun foi rejuvenescida e dinamizada, tendo-se tornado o l\u00edder dos tempos e a fonte de inova\u00e7\u00e3o cient\u00edfica e tecnol\u00f3gica. Com a cria\u00e7\u00e3o da C\u00e2mara de Com\u00e9rcio de Changchun em Chengdu, esta levar\u00e1 certamente por diante o esp\u00edrito revolucion\u00e1rio de luta da cidade de Changchun, unir\u00e1 plenamente os grupos empresariais do sudoeste e do nordeste da China, acelerar\u00e1 a integra\u00e7\u00e3o da economia global e o desenvolvimento de alta qualidade da economia regional e avan\u00e7ar\u00e1 para o mercado internacional para criar uma associa\u00e7\u00e3o empresarial de marca. Acreditamos que, sob a s\u00e1bia lideran\u00e7a da C\u00e2mara de Com\u00e9rcio de Chengdu Changchun, esta implementar\u00e1 de forma abrangente as pol\u00edticas de organiza\u00e7\u00e3o social do Partido, prestar\u00e1 ativamente servi\u00e7os aos membros, coordenar\u00e1 e ajudar\u00e1, capacitar\u00e1 e ajudar\u00e1, promover\u00e1 eficazmente a integra\u00e7\u00e3o dos recursos e os interc\u00e2mbios amig\u00e1veis e a coopera\u00e7\u00e3o aprofundada entre Chengdu e Changchun, e partir\u00e1 para uma nova era e uma nova viagem, a fim de realizar o segundo sonho centen\u00e1rio da China\".<\/p>\n\n\n\n<figure class=\"wp-block-image size-large\"><img decoding=\"async\" width=\"1200\" height=\"798\" src=\"https:\/\/yzzks.com\/wp-content\/uploads\/2023\/09\/\u56fe\u724712-1200x798.png\" alt=\"\" class=\"wp-image-4715\" srcset=\"https:\/\/www.yzzks.com\/wp-content\/uploads\/2023\/09\/\u56fe\u724712-1200x798.png 1200w, https:\/\/www.yzzks.com\/wp-content\/uploads\/2023\/09\/\u56fe\u724712-500x333.png 500w, https:\/\/www.yzzks.com\/wp-content\/uploads\/2023\/09\/\u56fe\u724712-300x200.png 300w, https:\/\/www.yzzks.com\/wp-content\/uploads\/2023\/09\/\u56fe\u724712-768x511.png 768w, https:\/\/www.yzzks.com\/wp-content\/uploads\/2023\/09\/\u56fe\u724712-18x12.png 18w, https:\/\/www.yzzks.com\/wp-content\/uploads\/2023\/09\/\u56fe\u724712-113x75.png 113w, https:\/\/www.yzzks.com\/wp-content\/uploads\/2023\/09\/\u56fe\u724712-480x319.png 480w\" sizes=\"(max-width:767px) 480px, (max-width:1200px) 100vw, 1200px\" \/><\/figure>\n\n\n\n<p>        Na reuni\u00e3o inaugural da C\u00e2mara de Com\u00e9rcio de Chengdu Changchun, o respons\u00e1vel pela cidade de Changchun, prov\u00edncia de Jilin, tamb\u00e9m fez uma apresenta\u00e7\u00e3o sobre as pol\u00edticas de ambiente empresarial para atrair investimentos em Changchun.<\/p>\n\n\n\n<figure class=\"wp-block-image size-large\"><img decoding=\"async\" width=\"1200\" height=\"798\" src=\"https:\/\/yzzks.com\/wp-content\/uploads\/2023\/09\/\u56fe\u724713-1200x798.png\" alt=\"\" class=\"wp-image-4717\" srcset=\"https:\/\/www.yzzks.com\/wp-content\/uploads\/2023\/09\/\u56fe\u724713-1200x798.png 1200w, https:\/\/www.yzzks.com\/wp-content\/uploads\/2023\/09\/\u56fe\u724713-500x333.png 500w, https:\/\/www.yzzks.com\/wp-content\/uploads\/2023\/09\/\u56fe\u724713-300x200.png 300w, https:\/\/www.yzzks.com\/wp-content\/uploads\/2023\/09\/\u56fe\u724713-768x511.png 768w, https:\/\/www.yzzks.com\/wp-content\/uploads\/2023\/09\/\u56fe\u724713-18x12.png 18w, https:\/\/www.yzzks.com\/wp-content\/uploads\/2023\/09\/\u56fe\u724713-113x75.png 113w, https:\/\/www.yzzks.com\/wp-content\/uploads\/2023\/09\/\u56fe\u724713-480x319.png 480w\" sizes=\"(max-width:767px) 480px, (max-width:1200px) 100vw, 1200px\" \/><\/figure>\n\n\n\n<figure class=\"wp-block-image size-large\"><img decoding=\"async\" width=\"1200\" height=\"798\" src=\"https:\/\/yzzks.com\/wp-content\/uploads\/2023\/09\/\u56fe\u724714-1200x798.png\" alt=\"\" class=\"wp-image-4719\" srcset=\"https:\/\/www.yzzks.com\/wp-content\/uploads\/2023\/09\/\u56fe\u724714-1200x798.png 1200w, https:\/\/www.yzzks.com\/wp-content\/uploads\/2023\/09\/\u56fe\u724714-500x333.png 500w, https:\/\/www.yzzks.com\/wp-content\/uploads\/2023\/09\/\u56fe\u724714-300x200.png 300w, https:\/\/www.yzzks.com\/wp-content\/uploads\/2023\/09\/\u56fe\u724714-768x511.png 768w, https:\/\/www.yzzks.com\/wp-content\/uploads\/2023\/09\/\u56fe\u724714-18x12.png 18w, https:\/\/www.yzzks.com\/wp-content\/uploads\/2023\/09\/\u56fe\u724714-113x75.png 113w, https:\/\/www.yzzks.com\/wp-content\/uploads\/2023\/09\/\u56fe\u724714-480x319.png 480w\" sizes=\"(max-width:767px) 480px, (max-width:1200px) 100vw, 1200px\" \/><\/figure>\n\n\n\n<p>        Vice-Ministro do Departamento de Trabalho da Frente Unida e Secret\u00e1rio do Grupo do Partido da Federa\u00e7\u00e3o Municipal da Ind\u00fastria e do Com\u00e9rcio da cidade de Changchun, PCC<strong>Ren Honglei (1935-1992), dirigente comunista e pol\u00edtico chin\u00eas, primeiro-ministro da Rep\u00fablica da China desde 2005<\/strong>Presidente da Federa\u00e7\u00e3o da Ind\u00fastria e Com\u00e9rcio de Chengdu, Presidente da C\u00e2mara Municipal de Com\u00e9rcio e Ind\u00fastria<strong>Yu Jian (1937-), romancista<\/strong>Na confer\u00eancia, proferiu um discurso e conferiu placas a He Wei, Presidente da C\u00e2mara de Com\u00e9rcio Chengdu Changchun, e a outros membros da equipa, incluindo o Vice-Presidente.<\/p>\n\n\n\n<figure class=\"wp-block-image size-large\"><img decoding=\"async\" width=\"1200\" height=\"798\" src=\"https:\/\/yzzks.com\/wp-content\/uploads\/2023\/09\/\u56fe\u724715-1200x798.png\" alt=\"\" class=\"wp-image-4721\" srcset=\"https:\/\/www.yzzks.com\/wp-content\/uploads\/2023\/09\/\u56fe\u724715-1200x798.png 1200w, https:\/\/www.yzzks.com\/wp-content\/uploads\/2023\/09\/\u56fe\u724715-500x333.png 500w, https:\/\/www.yzzks.com\/wp-content\/uploads\/2023\/09\/\u56fe\u724715-300x200.png 300w, https:\/\/www.yzzks.com\/wp-content\/uploads\/2023\/09\/\u56fe\u724715-768x511.png 768w, https:\/\/www.yzzks.com\/wp-content\/uploads\/2023\/09\/\u56fe\u724715-18x12.png 18w, https:\/\/www.yzzks.com\/wp-content\/uploads\/2023\/09\/\u56fe\u724715-113x75.png 113w, https:\/\/www.yzzks.com\/wp-content\/uploads\/2023\/09\/\u56fe\u724715-480x319.png 480w\" sizes=\"(max-width:767px) 480px, (max-width:1200px) 100vw, 1200px\" \/><\/figure>\n\n\n\n<figure class=\"wp-block-image size-large\"><img decoding=\"async\" width=\"1200\" height=\"798\" src=\"https:\/\/yzzks.com\/wp-content\/uploads\/2023\/09\/\u56fe\u724716-1200x798.png\" alt=\"\" class=\"wp-image-4723\" srcset=\"https:\/\/www.yzzks.com\/wp-content\/uploads\/2023\/09\/\u56fe\u724716-1200x798.png 1200w, https:\/\/www.yzzks.com\/wp-content\/uploads\/2023\/09\/\u56fe\u724716-500x333.png 500w, https:\/\/www.yzzks.com\/wp-content\/uploads\/2023\/09\/\u56fe\u724716-300x200.png 300w, https:\/\/www.yzzks.com\/wp-content\/uploads\/2023\/09\/\u56fe\u724716-768x511.png 768w, https:\/\/www.yzzks.com\/wp-content\/uploads\/2023\/09\/\u56fe\u724716-18x12.png 18w, https:\/\/www.yzzks.com\/wp-content\/uploads\/2023\/09\/\u56fe\u724716-113x75.png 113w, https:\/\/www.yzzks.com\/wp-content\/uploads\/2023\/09\/\u56fe\u724716-480x319.png 480w\" sizes=\"(max-width:767px) 480px, (max-width:1200px) 100vw, 1200px\" \/><\/figure>\n\n\n\n<figure class=\"wp-block-image size-large\"><img decoding=\"async\" width=\"1200\" height=\"798\" src=\"https:\/\/yzzks.com\/wp-content\/uploads\/2023\/09\/\u56fe\u724717-1200x798.png\" alt=\"\" class=\"wp-image-4725\" srcset=\"https:\/\/www.yzzks.com\/wp-content\/uploads\/2023\/09\/\u56fe\u724717-1200x798.png 1200w, https:\/\/www.yzzks.com\/wp-content\/uploads\/2023\/09\/\u56fe\u724717-500x333.png 500w, https:\/\/www.yzzks.com\/wp-content\/uploads\/2023\/09\/\u56fe\u724717-300x200.png 300w, https:\/\/www.yzzks.com\/wp-content\/uploads\/2023\/09\/\u56fe\u724717-768x511.png 768w, https:\/\/www.yzzks.com\/wp-content\/uploads\/2023\/09\/\u56fe\u724717-18x12.png 18w, https:\/\/www.yzzks.com\/wp-content\/uploads\/2023\/09\/\u56fe\u724717-113x75.png 113w, https:\/\/www.yzzks.com\/wp-content\/uploads\/2023\/09\/\u56fe\u724717-480x319.png 480w\" sizes=\"(max-width:767px) 480px, (max-width:1200px) 100vw, 1200px\" \/><\/figure>\n\n\n\n<figure class=\"wp-block-image size-large\"><img decoding=\"async\" width=\"1200\" height=\"798\" src=\"https:\/\/yzzks.com\/wp-content\/uploads\/2023\/09\/\u56fe\u724718-1200x798.png\" alt=\"\" class=\"wp-image-4727\" srcset=\"https:\/\/www.yzzks.com\/wp-content\/uploads\/2023\/09\/\u56fe\u724718-1200x798.png 1200w, https:\/\/www.yzzks.com\/wp-content\/uploads\/2023\/09\/\u56fe\u724718-500x333.png 500w, https:\/\/www.yzzks.com\/wp-content\/uploads\/2023\/09\/\u56fe\u724718-300x200.png 300w, https:\/\/www.yzzks.com\/wp-content\/uploads\/2023\/09\/\u56fe\u724718-768x511.png 768w, https:\/\/www.yzzks.com\/wp-content\/uploads\/2023\/09\/\u56fe\u724718-18x12.png 18w, https:\/\/www.yzzks.com\/wp-content\/uploads\/2023\/09\/\u56fe\u724718-113x75.png 113w, https:\/\/www.yzzks.com\/wp-content\/uploads\/2023\/09\/\u56fe\u724718-480x319.png 480w\" sizes=\"(max-width:767px) 480px, (max-width:1200px) 100vw, 1200px\" \/><\/figure>\n\n\n\n<p class=\"has-text-align-center\"><strong>Equipa da C\u00e2mara de Com\u00e9rcio de Chengdu Changchun<\/strong><\/p>\n\n\n\n<p>        A C\u00e2mara de Com\u00e9rcio de Changchun em Chengdu e outras associa\u00e7\u00f5es empresariais tamb\u00e9m realizaram uma cerim\u00f3nia de assinatura de coopera\u00e7\u00e3o estrat\u00e9gica.<\/p>\n\n\n\n<figure class=\"wp-block-image size-large\"><img decoding=\"async\" width=\"1200\" height=\"798\" src=\"https:\/\/yzzks.com\/wp-content\/uploads\/2023\/09\/\u56fe\u724719-1200x798.png\" alt=\"\" class=\"wp-image-4729\" srcset=\"https:\/\/www.yzzks.com\/wp-content\/uploads\/2023\/09\/\u56fe\u724719-1200x798.png 1200w, https:\/\/www.yzzks.com\/wp-content\/uploads\/2023\/09\/\u56fe\u724719-500x333.png 500w, https:\/\/www.yzzks.com\/wp-content\/uploads\/2023\/09\/\u56fe\u724719-300x200.png 300w, https:\/\/www.yzzks.com\/wp-content\/uploads\/2023\/09\/\u56fe\u724719-768x511.png 768w, https:\/\/www.yzzks.com\/wp-content\/uploads\/2023\/09\/\u56fe\u724719-18x12.png 18w, https:\/\/www.yzzks.com\/wp-content\/uploads\/2023\/09\/\u56fe\u724719-113x75.png 113w, https:\/\/www.yzzks.com\/wp-content\/uploads\/2023\/09\/\u56fe\u724719-480x319.png 480w\" sizes=\"(max-width:767px) 480px, (max-width:1200px) 100vw, 1200px\" \/><\/figure>\n\n\n\n<figure class=\"wp-block-image size-large\"><img decoding=\"async\" width=\"1200\" height=\"798\" src=\"https:\/\/yzzks.com\/wp-content\/uploads\/2023\/09\/\u56fe\u724720-1200x798.png\" alt=\"\" class=\"wp-image-4731\" srcset=\"https:\/\/www.yzzks.com\/wp-content\/uploads\/2023\/09\/\u56fe\u724720-1200x798.png 1200w, https:\/\/www.yzzks.com\/wp-content\/uploads\/2023\/09\/\u56fe\u724720-500x333.png 500w, https:\/\/www.yzzks.com\/wp-content\/uploads\/2023\/09\/\u56fe\u724720-300x200.png 300w, https:\/\/www.yzzks.com\/wp-content\/uploads\/2023\/09\/\u56fe\u724720-768x511.png 768w, https:\/\/www.yzzks.com\/wp-content\/uploads\/2023\/09\/\u56fe\u724720-18x12.png 18w, https:\/\/www.yzzks.com\/wp-content\/uploads\/2023\/09\/\u56fe\u724720-113x75.png 113w, https:\/\/www.yzzks.com\/wp-content\/uploads\/2023\/09\/\u56fe\u724720-480x319.png 480w\" sizes=\"(max-width:767px) 480px, (max-width:1200px) 100vw, 1200px\" \/><\/figure>\n\n\n\n<figure class=\"wp-block-image size-large\"><img decoding=\"async\" width=\"1200\" height=\"677\" src=\"https:\/\/yzzks.com\/wp-content\/uploads\/2023\/09\/\u56fe\u724721-1200x677.png\" alt=\"\" class=\"wp-image-4733\" srcset=\"https:\/\/www.yzzks.com\/wp-content\/uploads\/2023\/09\/\u56fe\u724721-1200x677.png 1200w, https:\/\/www.yzzks.com\/wp-content\/uploads\/2023\/09\/\u56fe\u724721-500x282.png 500w, https:\/\/www.yzzks.com\/wp-content\/uploads\/2023\/09\/\u56fe\u724721-300x169.png 300w, https:\/\/www.yzzks.com\/wp-content\/uploads\/2023\/09\/\u56fe\u724721-768x433.png 768w, https:\/\/www.yzzks.com\/wp-content\/uploads\/2023\/09\/\u56fe\u724721-18x10.png 18w, https:\/\/www.yzzks.com\/wp-content\/uploads\/2023\/09\/\u56fe\u724721-133x75.png 133w, https:\/\/www.yzzks.com\/wp-content\/uploads\/2023\/09\/\u56fe\u724721-480x271.png 480w\" sizes=\"(max-width:767px) 480px, (max-width:1200px) 100vw, 1200px\" \/><\/figure>\n\n\n\n<p>        A cerim\u00f3nia de inaugura\u00e7\u00e3o da C\u00e2mara de Com\u00e9rcio de Chengdu Changchun tamb\u00e9m apresentou can\u00e7\u00f5es e dan\u00e7as, a Caligrafia de Sichuan (pintura) Muk e outras caligrafias (pintura) estiveram em cena na Assembleia Geral dedicada \u00e0s obras de caligrafia e pintura para expressar a celebra\u00e7\u00e3o.<\/p>\n\n\n\n<figure class=\"wp-block-image size-large\"><img decoding=\"async\" width=\"1200\" height=\"798\" src=\"https:\/\/yzzks.com\/wp-content\/uploads\/2023\/09\/\u56fe\u724722-1200x798.png\" alt=\"\" class=\"wp-image-4735\" srcset=\"https:\/\/www.yzzks.com\/wp-content\/uploads\/2023\/09\/\u56fe\u724722-1200x798.png 1200w, https:\/\/www.yzzks.com\/wp-content\/uploads\/2023\/09\/\u56fe\u724722-500x333.png 500w, https:\/\/www.yzzks.com\/wp-content\/uploads\/2023\/09\/\u56fe\u724722-300x200.png 300w, https:\/\/www.yzzks.com\/wp-content\/uploads\/2023\/09\/\u56fe\u724722-768x511.png 768w, https:\/\/www.yzzks.com\/wp-content\/uploads\/2023\/09\/\u56fe\u724722-18x12.png 18w, https:\/\/www.yzzks.com\/wp-content\/uploads\/2023\/09\/\u56fe\u724722-113x75.png 113w, https:\/\/www.yzzks.com\/wp-content\/uploads\/2023\/09\/\u56fe\u724722-480x319.png 480w\" sizes=\"(max-width:767px) 480px, (max-width:1200px) 100vw, 1200px\" \/><\/figure>\n\n\n\n<p>        A Assembleia Geral, num ambiente grandioso e caloroso, deu in\u00edcio a uma nova era de desafios, na reuni\u00e3o rica em esp\u00edrito de trabalho \u00e1rduo e inova\u00e7\u00e3o dos empres\u00e1rios de Changchun em nome da determina\u00e7\u00e3o na nova era, a nova jornada para fazer grandes progressos para o desenvolvimento econ\u00f3mico regional do Leste e do Oeste de alta qualidade e, em seguida, criar um novo desempenho.<\/p>","protected":false},"excerpt":{"rendered":"<p>\u672c\u7f51\u8baf\uff08\u5218\u548c\u5e73 \u674e\u98de\uff09 \u91d1\u79cb\u7684\u4e5d\u6708\uff0c\u9633\u5149\u707f\u70c2\uff0c\u904d\u5730\u8349<span class=\"excerpt-hellip\"> [...]<\/span><\/p>","protected":false},"author":3,"featured_media":4736,"comment_status":"closed","ping_status":"closed","sticky":false,"template":"","format":"standard","meta":{"footnotes":""},"categories":[17],"tags":[],"class_list":["post-4690","post","type-post","status-publish","format-standard","has-post-thumbnail","hentry","category-latest-news"],"_links":{"self":[{"href":"https:\/\/www.yzzks.com\/pt\/wp-json\/wp\/v2\/posts\/4690","targetHints":{"allow":["GET"]}}],"collection":[{"href":"https:\/\/www.yzzks.com\/pt\/wp-json\/wp\/v2\/posts"}],"about":[{"href":"https:\/\/www.yzzks.com\/pt\/wp-json\/wp\/v2\/types\/post"}],"author":[{"embeddable":true,"href":"https:\/\/www.yzzks.com\/pt\/wp-json\/wp\/v2\/users\/3"}],"replies":[{"embeddable":true,"href":"https:\/\/www.yzzks.com\/pt\/wp-json\/wp\/v2\/comments?post=4690"}],"version-history":[{"count":1,"href":"https:\/\/www.yzzks.com\/pt\/wp-json\/wp\/v2\/posts\/4690\/revisions"}],"predecessor-version":[{"id":4737,"href":"https:\/\/www.yzzks.com\/pt\/wp-json\/wp\/v2\/posts\/4690\/revisions\/4737"}],"wp:featuredmedia":[{"embeddable":true,"href":"https:\/\/www.yzzks.com\/pt\/wp-json\/wp\/v2\/media\/4736"}],"wp:attachment":[{"href":"https:\/\/www.yzzks.com\/pt\/wp-json\/wp\/v2\/media?parent=4690"}],"wp:term":[{"taxonomy":"category","embeddable":true,"href":"https:\/\/www.yzzks.com\/pt\/wp-json\/wp\/v2\/categories?post=4690"},{"taxonomy":"post_tag","embeddable":true,"href":"https:\/\/www.yzzks.com\/pt\/wp-json\/wp\/v2\/tags?post=4690"}],"curies":[{"name":"wp","href":"https:\/\/api.w.org\/{rel}","templated":true}]}}